{"id":1307,"date":"2023-06-30T21:03:59","date_gmt":"2023-06-30T21:03:59","guid":{"rendered":"https:\/\/clinicadeladultomayor.com\/?p=1307"},"modified":"2023-11-06T14:55:20","modified_gmt":"2023-11-06T14:55:20","slug":"doctor-en-el-salvador-para-tratar-ulceras-por-presion","status":"publish","type":"post","link":"https:\/\/clinicadeladultomayor.com\/en\/doctor-en-el-salvador-para-tratar-ulceras-por-presion\/","title":{"rendered":"Doctor en El Salvador para tratar \u00falceras por presi\u00f3n"},"content":{"rendered":"Las \u00falceras por presi\u00f3n se producen cuando se ejerce una presi\u00f3n sostenida sobre una zona concreta, generalmente sobre la piel que rodea las prominencias \u00f3seas como las rodillas, los tobillos, los codos, nalgas, espaldas y talones; ya que esta presi\u00f3n no permite que la sangre circule de forma adecuada por esa zona. \n<br><br>\nAl no llegar suficiente ox\u00edgeno a las c\u00e9lulas de esa zona, el tejido se degrada y se enferma.\nEste tipo de lesi\u00f3n es m\u00e1s frecuente entre las personas mayores debido a la creciente fragilidad de su cuerpo y a la menor movilidad en su vida diaria.\n<br><br>\nLa mayor\u00eda de las \u00falceras por presi\u00f3n pueden evitarse mediante cambios de postura frecuentes y un cuidado minucioso de la piel. En cambio, la curaci\u00f3n de estas lesiones suele ser complicada y larga. El tiempo de curaci\u00f3n aumenta en funci\u00f3n de la gravedad y de la profundidad de la lesi\u00f3n.\n<br><br>\n<h6>En este sentido, existen 4 grados de \u00falceras por presi\u00f3n:<\/h6>\n<ul>\n<li><b>Grado I:<\/b>\nSe limita a las capas superficiales de la piel y se manifiesta con un enrojecimiento de la zona afectada que desaparece luego de transcurrir 5 minutos desde que se elimina la presi\u00f3n.\n<\/li>\n<li><b>Grado II: <\/b>\nAfecta las capas superficiales de la piel y la primera capa del tejido graso subyacente; se manifiesta con erosiones, ampollas y\/o desgarros superficiales.<\/li>\n<li><b>Grado III:<\/b>\nAlcanza la grasa subcut\u00e1nea, produciendo necrosis de ese tejido, aunque no llega a da\u00f1ar los m\u00fasculos.\n<\/li>\n<li><b>Grado IV:<\/b>\nSupone la destrucci\u00f3n de todo el tejido blando desde la piel hasta el hueso; afecta el m\u00fasculo, el hueso y las articulaciones, as\u00ed como las estructuras de sost\u00e9n.\n<\/li>\n<\/ul>\n<br><br>\n<h6>\u00bfC\u00f3mo tratar una \u00falcera por presi\u00f3n?<\/h6>\nSi notamos que la persona a nuestro cargo tiene una \u00falcera por presi\u00f3n, debemos tratarla r\u00e1pidamente. Aunque debemos consultar al m\u00e9dico para ver el tratamiento adecuado para el caso espec\u00edfico, \u00e9stas son algunas reglas generales que podemos aplicar, dependiendo del grado de desarrollo de la \u00falcera:\n<br><br>\n<ol>\n<b>Grado I<\/b>\n<li>Intensificar las medidas preventivas para que no avance la lesi\u00f3n: aumentamos los -cambios de postura, colocamos almohadas en la zona afectada y mantenemos la zona bien limpia y seca.\n<\/li>\n<\/ol>\n<br>\n<ol>\n<b>Grado II<\/b>\n<li>Intensificar las medidas preventivas y la higiene de la zona afectada. Limpiamos la lesi\u00f3n con suero fisiol\u00f3gico aplicando la menor presi\u00f3n posible para no lastimar a la persona ni causarle dolor.<\/li>\n<li>\nRealizar la aspiraci\u00f3n de la ampolla eliminando su techo. Si usamos ap\u00f3sitos hidrocoloides podremos controlar la cantidad de exudado de la herida (para que no sea mucha ni poca), adem\u00e1s de que ayuda en acelerar la velocidad de cicatrizaci\u00f3n.\n<\/li>\n<\/ol>\n<br>\nEs importante que antes de seguir cualquier recomendaci\u00f3n lo consultes con tu m\u00e9dico, y si deseas realizar una cita con nosotros te invitamos a agendarla.","protected":false},"excerpt":{"rendered":"","protected":false},"author":10,"featured_media":1308,"comment_status":"closed","ping_status":"closed","sticky":false,"template":"","format":"standard","meta":{"pagelayer_contact_templates":[],"_pagelayer_content":"","footnotes":""},"categories":[6],"tags":[],"class_list":["post-1307","post","type-post","status-publish","format-standard","has-post-thumbnail","hentry","category-cuidado-del-adulto-mayor"],"yoast_head":"<!-- This site is optimized with the Yoast SEO plugin v27.4 - https:\/\/yoast.com\/product\/yoast-seo-wordpress\/ -->\n<title>Tratar Ulceras por presi\u00f3n - Cl\u00ednica del adulto mayor<\/title>\n<meta name=\"description\" content=\"Consejos pr\u00e1cticos y efectivos para el tratamiento de \u00falceras por presi\u00f3n. Cuida de tu salud y previene complicaciones con nuestro blog.\" \/>\n<meta name=\"robots\" content=\"index, follow, max-snippet:-1, max-image-preview:large, max-video-preview:-1\" \/>\n<link rel=\"canonical\" href=\"https:\/\/clinicadeladultomayor.com\/en\/doctor-en-el-salvador-para-tratar-ulceras-por-presion\/\" \/>\n<meta property=\"og:locale\" content=\"en_US\" \/>\n<meta property=\"og:type\" content=\"article\" \/>\n<meta property=\"og:title\" content=\"Tratar Ulceras por presi\u00f3n - Cl\u00ednica del adulto mayor\" \/>\n<meta property=\"og:description\" content=\"Consejos pr\u00e1cticos y efectivos para el tratamiento de \u00falceras por presi\u00f3n. Cuida de tu salud y previene complicaciones con nuestro blog.\" \/>\n<meta property=\"og:url\" content=\"https:\/\/clinicadeladultomayor.com\/en\/doctor-en-el-salvador-para-tratar-ulceras-por-presion\/\" \/>\n<meta property=\"og:site_name\" content=\"Cl\u00ednica del adulto mayor\" \/>\n<meta property=\"article:published_time\" content=\"2023-06-30T21:03:59+00:00\" \/>\n<meta property=\"article:modified_time\" content=\"2023-11-06T14:55:20+00:00\" \/>\n<meta property=\"og:image\" content=\"https:\/\/clinicadeladultomayor.com\/wp-content\/uploads\/2023\/06\/Ulceras.jpg\" \/>\n\t<meta property=\"og:image:width\" content=\"600\" \/>\n\t<meta property=\"og:image:height\" content=\"300\" \/>\n\t<meta property=\"og:image:type\" content=\"image\/jpeg\" \/>\n<meta name=\"author\" content=\"Soporte IT\" \/>\n<meta name=\"twitter:card\" content=\"summary_large_image\" \/>\n<meta name=\"twitter:label1\" content=\"Written by\" \/>\n\t<meta name=\"twitter:data1\" content=\"Soporte IT\" \/>\n\t<meta name=\"twitter:label2\" content=\"Est. reading time\" \/>\n\t<meta name=\"twitter:data2\" content=\"3 minutes\" \/>\n<script type=\"application\/ld+json\" class=\"yoast-schema-graph\">{\"@context\":\"https:\\\/\\\/schema.org\",\"@graph\":[{\"@type\":\"Article\",\"@id\":\"https:\\\/\\\/clinicadeladultomayor.com\\\/doctor-en-el-salvador-para-tratar-ulceras-por-presion\\\/#article\",\"isPartOf\":{\"@id\":\"https:\\\/\\\/clinicadeladultomayor.com\\\/doctor-en-el-salvador-para-tratar-ulceras-por-presion\\\/\"},\"author\":{\"name\":\"Soporte IT\",\"@id\":\"https:\\\/\\\/clinicadeladultomayor.com\\\/#\\\/schema\\\/person\\\/2ef7793125c941e86360e7ed2e758796\"},\"headline\":\"Doctor en El Salvador para tratar \u00falceras por presi\u00f3n\",\"datePublished\":\"2023-06-30T21:03:59+00:00\",\"dateModified\":\"2023-11-06T14:55:20+00:00\",\"mainEntityOfPage\":{\"@id\":\"https:\\\/\\\/clinicadeladultomayor.com\\\/doctor-en-el-salvador-para-tratar-ulceras-por-presion\\\/\"},\"wordCount\":491,\"publisher\":{\"@id\":\"https:\\\/\\\/clinicadeladultomayor.com\\\/#organization\"},\"image\":{\"@id\":\"https:\\\/\\\/clinicadeladultomayor.com\\\/doctor-en-el-salvador-para-tratar-ulceras-por-presion\\\/#primaryimage\"},\"thumbnailUrl\":\"https:\\\/\\\/clinicadeladultomayor.com\\\/wp-content\\\/uploads\\\/2023\\\/06\\\/Ulceras.jpg\",\"articleSection\":[\"Cuidado del adulto mayor\"],\"inLanguage\":\"en-US\"},{\"@type\":\"WebPage\",\"@id\":\"https:\\\/\\\/clinicadeladultomayor.com\\\/doctor-en-el-salvador-para-tratar-ulceras-por-presion\\\/\",\"url\":\"https:\\\/\\\/clinicadeladultomayor.com\\\/doctor-en-el-salvador-para-tratar-ulceras-por-presion\\\/\",\"name\":\"Tratar Ulceras por presi\u00f3n - Cl\u00ednica del adulto mayor\",\"isPartOf\":{\"@id\":\"https:\\\/\\\/clinicadeladultomayor.com\\\/#website\"},\"primaryImageOfPage\":{\"@id\":\"https:\\\/\\\/clinicadeladultomayor.com\\\/doctor-en-el-salvador-para-tratar-ulceras-por-presion\\\/#primaryimage\"},\"image\":{\"@id\":\"https:\\\/\\\/clinicadeladultomayor.com\\\/doctor-en-el-salvador-para-tratar-ulceras-por-presion\\\/#primaryimage\"},\"thumbnailUrl\":\"https:\\\/\\\/clinicadeladultomayor.com\\\/wp-content\\\/uploads\\\/2023\\\/06\\\/Ulceras.jpg\",\"datePublished\":\"2023-06-30T21:03:59+00:00\",\"dateModified\":\"2023-11-06T14:55:20+00:00\",\"description\":\"Consejos pr\u00e1cticos y efectivos para el tratamiento de \u00falceras por presi\u00f3n. Cuida de tu salud y previene complicaciones con nuestro blog.\",\"breadcrumb\":{\"@id\":\"https:\\\/\\\/clinicadeladultomayor.com\\\/doctor-en-el-salvador-para-tratar-ulceras-por-presion\\\/#breadcrumb\"},\"inLanguage\":\"en-US\",\"potentialAction\":[{\"@type\":\"ReadAction\",\"target\":[\"https:\\\/\\\/clinicadeladultomayor.com\\\/doctor-en-el-salvador-para-tratar-ulceras-por-presion\\\/\"]}]},{\"@type\":\"ImageObject\",\"inLanguage\":\"en-US\",\"@id\":\"https:\\\/\\\/clinicadeladultomayor.com\\\/doctor-en-el-salvador-para-tratar-ulceras-por-presion\\\/#primaryimage\",\"url\":\"https:\\\/\\\/clinicadeladultomayor.com\\\/wp-content\\\/uploads\\\/2023\\\/06\\\/Ulceras.jpg\",\"contentUrl\":\"https:\\\/\\\/clinicadeladultomayor.com\\\/wp-content\\\/uploads\\\/2023\\\/06\\\/Ulceras.jpg\",\"width\":600,\"height\":300},{\"@type\":\"BreadcrumbList\",\"@id\":\"https:\\\/\\\/clinicadeladultomayor.com\\\/doctor-en-el-salvador-para-tratar-ulceras-por-presion\\\/#breadcrumb\",\"itemListElement\":[{\"@type\":\"ListItem\",\"position\":1,\"name\":\"Portada\",\"item\":\"https:\\\/\\\/clinicadeladultomayor.com\\\/\"},{\"@type\":\"ListItem\",\"position\":2,\"name\":\"Doctor en El Salvador para tratar \u00falceras por presi\u00f3n\"}]},{\"@type\":\"WebSite\",\"@id\":\"https:\\\/\\\/clinicadeladultomayor.com\\\/#website\",\"url\":\"https:\\\/\\\/clinicadeladultomayor.com\\\/\",\"name\":\"Cl\u00ednica del adulto mayor\",\"description\":\"Clinica geriatrica especializada en la atenci\u00f3n del adulto mayor en El Salvador. Acompa\u00f1andote hacia una vejez activa y saludable.\",\"publisher\":{\"@id\":\"https:\\\/\\\/clinicadeladultomayor.com\\\/#organization\"},\"potentialAction\":[{\"@type\":\"SearchAction\",\"target\":{\"@type\":\"EntryPoint\",\"urlTemplate\":\"https:\\\/\\\/clinicadeladultomayor.com\\\/?s={search_term_string}\"},\"query-input\":{\"@type\":\"PropertyValueSpecification\",\"valueRequired\":true,\"valueName\":\"search_term_string\"}}],\"inLanguage\":\"en-US\"},{\"@type\":\"Organization\",\"@id\":\"https:\\\/\\\/clinicadeladultomayor.com\\\/#organization\",\"name\":\"Cl\u00ednica del adulto mayor\",\"url\":\"https:\\\/\\\/clinicadeladultomayor.com\\\/\",\"logo\":{\"@type\":\"ImageObject\",\"inLanguage\":\"en-US\",\"@id\":\"https:\\\/\\\/clinicadeladultomayor.com\\\/#\\\/schema\\\/logo\\\/image\\\/\",\"url\":\"https:\\\/\\\/clinicadeladultomayor.com\\\/wp-content\\\/uploads\\\/2022\\\/05\\\/LOGO-CLINICA-DEL-ADULTO-MAYOR-LETRAS-TURQUESAS.png\",\"contentUrl\":\"https:\\\/\\\/clinicadeladultomayor.com\\\/wp-content\\\/uploads\\\/2022\\\/05\\\/LOGO-CLINICA-DEL-ADULTO-MAYOR-LETRAS-TURQUESAS.png\",\"width\":1200,\"height\":1200,\"caption\":\"Cl\u00ednica del adulto mayor\"},\"image\":{\"@id\":\"https:\\\/\\\/clinicadeladultomayor.com\\\/#\\\/schema\\\/logo\\\/image\\\/\"}},{\"@type\":\"Person\",\"@id\":\"https:\\\/\\\/clinicadeladultomayor.com\\\/#\\\/schema\\\/person\\\/2ef7793125c941e86360e7ed2e758796\",\"name\":\"Soporte IT\",\"image\":{\"@type\":\"ImageObject\",\"inLanguage\":\"en-US\",\"@id\":\"https:\\\/\\\/secure.gravatar.com\\\/avatar\\\/e8a0dc01154442ce61adb174d06366e7a70a613e19f17be1278a30c49fe2ed27?s=96&d=mm&r=g\",\"url\":\"https:\\\/\\\/secure.gravatar.com\\\/avatar\\\/e8a0dc01154442ce61adb174d06366e7a70a613e19f17be1278a30c49fe2ed27?s=96&d=mm&r=g\",\"contentUrl\":\"https:\\\/\\\/secure.gravatar.com\\\/avatar\\\/e8a0dc01154442ce61adb174d06366e7a70a613e19f17be1278a30c49fe2ed27?s=96&d=mm&r=g\",\"caption\":\"Soporte IT\"},\"url\":\"https:\\\/\\\/clinicadeladultomayor.com\\\/en\\\/author\\\/david-cantarero\\\/\"}]}<\/script>\n<!-- \/ Yoast SEO plugin. -->","yoast_head_json":{"title":"Tratar Ulceras por presi\u00f3n - Cl\u00ednica del adulto mayor","description":"Consejos pr\u00e1cticos y efectivos para el tratamiento de \u00falceras por presi\u00f3n. Cuida de tu salud y previene complicaciones con nuestro blog.","robots":{"index":"index","follow":"follow","max-snippet":"max-snippet:-1","max-image-preview":"max-image-preview:large","max-video-preview":"max-video-preview:-1"},"canonical":"https:\/\/clinicadeladultomayor.com\/en\/doctor-en-el-salvador-para-tratar-ulceras-por-presion\/","og_locale":"en_US","og_type":"article","og_title":"Tratar Ulceras por presi\u00f3n - Cl\u00ednica del adulto mayor","og_description":"Consejos pr\u00e1cticos y efectivos para el tratamiento de \u00falceras por presi\u00f3n. Cuida de tu salud y previene complicaciones con nuestro blog.","og_url":"https:\/\/clinicadeladultomayor.com\/en\/doctor-en-el-salvador-para-tratar-ulceras-por-presion\/","og_site_name":"Cl\u00ednica del adulto mayor","article_published_time":"2023-06-30T21:03:59+00:00","article_modified_time":"2023-11-06T14:55:20+00:00","og_image":[{"width":600,"height":300,"url":"https:\/\/clinicadeladultomayor.com\/wp-content\/uploads\/2023\/06\/Ulceras.jpg","type":"image\/jpeg"}],"author":"Soporte IT","twitter_card":"summary_large_image","twitter_misc":{"Written by":"Soporte IT","Est. reading time":"3 minutes"},"schema":{"@context":"https:\/\/schema.org","@graph":[{"@type":"Article","@id":"https:\/\/clinicadeladultomayor.com\/doctor-en-el-salvador-para-tratar-ulceras-por-presion\/#article","isPartOf":{"@id":"https:\/\/clinicadeladultomayor.com\/doctor-en-el-salvador-para-tratar-ulceras-por-presion\/"},"author":{"name":"Soporte IT","@id":"https:\/\/clinicadeladultomayor.com\/#\/schema\/person\/2ef7793125c941e86360e7ed2e758796"},"headline":"Doctor en El Salvador para tratar \u00falceras por presi\u00f3n","datePublished":"2023-06-30T21:03:59+00:00","dateModified":"2023-11-06T14:55:20+00:00","mainEntityOfPage":{"@id":"https:\/\/clinicadeladultomayor.com\/doctor-en-el-salvador-para-tratar-ulceras-por-presion\/"},"wordCount":491,"publisher":{"@id":"https:\/\/clinicadeladultomayor.com\/#organization"},"image":{"@id":"https:\/\/clinicadeladultomayor.com\/doctor-en-el-salvador-para-tratar-ulceras-por-presion\/#primaryimage"},"thumbnailUrl":"https:\/\/clinicadeladultomayor.com\/wp-content\/uploads\/2023\/06\/Ulceras.jpg","articleSection":["Cuidado del adulto mayor"],"inLanguage":"en-US"},{"@type":"WebPage","@id":"https:\/\/clinicadeladultomayor.com\/doctor-en-el-salvador-para-tratar-ulceras-por-presion\/","url":"https:\/\/clinicadeladultomayor.com\/doctor-en-el-salvador-para-tratar-ulceras-por-presion\/","name":"Tratar Ulceras por presi\u00f3n - Cl\u00ednica del adulto mayor","isPartOf":{"@id":"https:\/\/clinicadeladultomayor.com\/#website"},"primaryImageOfPage":{"@id":"https:\/\/clinicadeladultomayor.com\/doctor-en-el-salvador-para-tratar-ulceras-por-presion\/#primaryimage"},"image":{"@id":"https:\/\/clinicadeladultomayor.com\/doctor-en-el-salvador-para-tratar-ulceras-por-presion\/#primaryimage"},"thumbnailUrl":"https:\/\/clinicadeladultomayor.com\/wp-content\/uploads\/2023\/06\/Ulceras.jpg","datePublished":"2023-06-30T21:03:59+00:00","dateModified":"2023-11-06T14:55:20+00:00","description":"Consejos pr\u00e1cticos y efectivos para el tratamiento de \u00falceras por presi\u00f3n. Cuida de tu salud y previene complicaciones con nuestro blog.","breadcrumb":{"@id":"https:\/\/clinicadeladultomayor.com\/doctor-en-el-salvador-para-tratar-ulceras-por-presion\/#breadcrumb"},"inLanguage":"en-US","potentialAction":[{"@type":"ReadAction","target":["https:\/\/clinicadeladultomayor.com\/doctor-en-el-salvador-para-tratar-ulceras-por-presion\/"]}]},{"@type":"ImageObject","inLanguage":"en-US","@id":"https:\/\/clinicadeladultomayor.com\/doctor-en-el-salvador-para-tratar-ulceras-por-presion\/#primaryimage","url":"https:\/\/clinicadeladultomayor.com\/wp-content\/uploads\/2023\/06\/Ulceras.jpg","contentUrl":"https:\/\/clinicadeladultomayor.com\/wp-content\/uploads\/2023\/06\/Ulceras.jpg","width":600,"height":300},{"@type":"BreadcrumbList","@id":"https:\/\/clinicadeladultomayor.com\/doctor-en-el-salvador-para-tratar-ulceras-por-presion\/#breadcrumb","itemListElement":[{"@type":"ListItem","position":1,"name":"Portada","item":"https:\/\/clinicadeladultomayor.com\/"},{"@type":"ListItem","position":2,"name":"Doctor en El Salvador para tratar \u00falceras por presi\u00f3n"}]},{"@type":"WebSite","@id":"https:\/\/clinicadeladultomayor.com\/#website","url":"https:\/\/clinicadeladultomayor.com\/","name":"Cl\u00ednica del adulto mayor","description":"Clinica geriatrica especializada en la atenci\u00f3n del adulto mayor en El Salvador. Acompa\u00f1andote hacia una vejez activa y saludable.","publisher":{"@id":"https:\/\/clinicadeladultomayor.com\/#organization"},"potentialAction":[{"@type":"SearchAction","target":{"@type":"EntryPoint","urlTemplate":"https:\/\/clinicadeladultomayor.com\/?s={search_term_string}"},"query-input":{"@type":"PropertyValueSpecification","valueRequired":true,"valueName":"search_term_string"}}],"inLanguage":"en-US"},{"@type":"Organization","@id":"https:\/\/clinicadeladultomayor.com\/#organization","name":"Cl\u00ednica del adulto mayor","url":"https:\/\/clinicadeladultomayor.com\/","logo":{"@type":"ImageObject","inLanguage":"en-US","@id":"https:\/\/clinicadeladultomayor.com\/#\/schema\/logo\/image\/","url":"https:\/\/clinicadeladultomayor.com\/wp-content\/uploads\/2022\/05\/LOGO-CLINICA-DEL-ADULTO-MAYOR-LETRAS-TURQUESAS.png","contentUrl":"https:\/\/clinicadeladultomayor.com\/wp-content\/uploads\/2022\/05\/LOGO-CLINICA-DEL-ADULTO-MAYOR-LETRAS-TURQUESAS.png","width":1200,"height":1200,"caption":"Cl\u00ednica del adulto mayor"},"image":{"@id":"https:\/\/clinicadeladultomayor.com\/#\/schema\/logo\/image\/"}},{"@type":"Person","@id":"https:\/\/clinicadeladultomayor.com\/#\/schema\/person\/2ef7793125c941e86360e7ed2e758796","name":"Soporte IT","image":{"@type":"ImageObject","inLanguage":"en-US","@id":"https:\/\/secure.gravatar.com\/avatar\/e8a0dc01154442ce61adb174d06366e7a70a613e19f17be1278a30c49fe2ed27?s=96&d=mm&r=g","url":"https:\/\/secure.gravatar.com\/avatar\/e8a0dc01154442ce61adb174d06366e7a70a613e19f17be1278a30c49fe2ed27?s=96&d=mm&r=g","contentUrl":"https:\/\/secure.gravatar.com\/avatar\/e8a0dc01154442ce61adb174d06366e7a70a613e19f17be1278a30c49fe2ed27?s=96&d=mm&r=g","caption":"Soporte IT"},"url":"https:\/\/clinicadeladultomayor.com\/en\/author\/david-cantarero\/"}]}},"_links":{"self":[{"href":"https:\/\/clinicadeladultomayor.com\/en\/wp-json\/wp\/v2\/posts\/1307","targetHints":{"allow":["GET"]}}],"collection":[{"href":"https:\/\/clinicadeladultomayor.com\/en\/wp-json\/wp\/v2\/posts"}],"about":[{"href":"https:\/\/clinicadeladultomayor.com\/en\/wp-json\/wp\/v2\/types\/post"}],"author":[{"embeddable":true,"href":"https:\/\/clinicadeladultomayor.com\/en\/wp-json\/wp\/v2\/users\/10"}],"replies":[{"embeddable":true,"href":"https:\/\/clinicadeladultomayor.com\/en\/wp-json\/wp\/v2\/comments?post=1307"}],"version-history":[{"count":6,"href":"https:\/\/clinicadeladultomayor.com\/en\/wp-json\/wp\/v2\/posts\/1307\/revisions"}],"predecessor-version":[{"id":1318,"href":"https:\/\/clinicadeladultomayor.com\/en\/wp-json\/wp\/v2\/posts\/1307\/revisions\/1318"}],"wp:featuredmedia":[{"embeddable":true,"href":"https:\/\/clinicadeladultomayor.com\/en\/wp-json\/wp\/v2\/media\/1308"}],"wp:attachment":[{"href":"https:\/\/clinicadeladultomayor.com\/en\/wp-json\/wp\/v2\/media?parent=1307"}],"wp:term":[{"taxonomy":"category","embeddable":true,"href":"https:\/\/clinicadeladultomayor.com\/en\/wp-json\/wp\/v2\/categories?post=1307"},{"taxonomy":"post_tag","embeddable":true,"href":"https:\/\/clinicadeladultomayor.com\/en\/wp-json\/wp\/v2\/tags?post=1307"}],"curies":[{"name":"wp","href":"https:\/\/api.w.org\/{rel}","templated":true}]}}