{"id":1378,"date":"2023-07-18T15:14:31","date_gmt":"2023-07-18T15:14:31","guid":{"rendered":"https:\/\/clinicadeladultomayor.com\/?p=1378"},"modified":"2023-11-06T14:54:57","modified_gmt":"2023-11-06T14:54:57","slug":"medico-en-el-salvador-para-problemas-auditivos-en-adultos-mayores-cuidando-de-la-audicion-en-la-tercera-edad","status":"publish","type":"post","link":"https:\/\/clinicadeladultomayor.com\/en\/medico-en-el-salvador-para-problemas-auditivos-en-adultos-mayores-cuidando-de-la-audicion-en-la-tercera-edad\/","title":{"rendered":"PHYSICIAN IN EL SALVADOR FOR HEARING PROBLEMS IN OLDER ADULTS: CARING FOR HEARING \nIN LATER LIFE"},"content":{"rendered":"As we age, it's common to experience changes in our hearing. Hearing problems in older adults can \nsignificantly impact quality of life and communication with others. In this article, we will explore \nthe most common hearing issues in older adults and provide essential information on their \nprevention and management.\n<br><br>\n<center><b><h4>Hearing Problems in Later Life<\/h4><\/b><\/center><br>\nHearing issues can range from mild hearing loss to complete deafness. There are different types of \nhearing problems that affect older adults, such as presbycusis (age-related hearing loss), \nconductive hearing loss, and sensorineural hearing loss.\n<br><br> \n<center><b><h4>Symptoms and Warning Signs<\/h4><\/b><\/center><br>\nIt's crucial to recognize the symptoms and warning signs of hearing problems in older adults. \nCommon symptoms include:\n<ul>\n<li>Difficulty hearing conversations<\/li>\n<li>Frequently asking for repetitions<\/li>\n<li>Increasing the volume of the TV or radio<\/li>\n<li>Feeling of social isolation<\/li>\n<\/ul>\n<br><br>\n<center><b><h4>Early Detection <\/h4><\/b><\/center><br>\nEarly detection and accurate diagnosis are key to addressing hearing issues in older adults. It's \nrecommended to undergo hearing tests and evaluations that can diagnose hearing loss, and the \nimportance of addressing the problem as soon as possible to prevent further complications.\n<br><br>\n<center><b><h4> How to Manage Hearing Issues? <\/h4><\/b><\/center><br>The management and treatment of hearing issues can include a variety of options, such as: \n<ol>\n<li>The use of hearing aids<\/li>\n<li>Personal amplification devices (PADs)<\/li>\n<li>Auditory rehabilitation therapy<\/li>\n<li>Practicing alternative communication techniques <\/li>\n<\/ol>\n<br>\nPrevention and hearing care are essential for maintaining good hearing health in later life. It's \nadvisable to take preventive measures that older adults can take, such as avoiding prolonged \nexposure to loud noises, using appropriate hearing protection, and undergoing regular hearing \ncheck-ups. \n<br><br>\nHearing problems in older adults can significantly impact quality of life and communication. With \nproper understanding, early detection, and appropriate management, it is possible to care for \nhearing in later life and minimize associated limitations. Let's remember the importance of seeking \ntimely medical attention, promoting prevention, and adopting suitable management strategies to \nensure good hearing health in later life. Older adults can take care of their blood pressure and \nenjoy optimal quality of life in later life.  <br>\nRemember, prevention and proper management of hypertension are crucial for maintaining \nhealthy cardiovascular health as we age.\n<br>\nIf you want more information, remember you can contact us so one of our specialists can provide \nyou with the ideal help you need.","protected":false},"excerpt":{"rendered":"","protected":false},"author":10,"featured_media":1379,"comment_status":"closed","ping_status":"closed","sticky":false,"template":"","format":"standard","meta":{"pagelayer_contact_templates":[],"_pagelayer_content":"","footnotes":""},"categories":[6],"tags":[],"class_list":["post-1378","post","type-post","status-publish","format-standard","has-post-thumbnail","hentry","category-cuidado-del-adulto-mayor"],"yoast_head":"<!-- This site is optimized with the Yoast SEO plugin v27.4 - https:\/\/yoast.com\/product\/yoast-seo-wordpress\/ -->\n<title>Cuidado de la Audici\u00f3n en la Tercera Edad - Cl\u00ednica del adulto mayor<\/title>\n<meta name=\"description\" content=\"Descubre recomendaciones para mantener una audici\u00f3n saludable \u00a1No dejes que la p\u00e9rdida auditiva limite tu bienestar!\" \/>\n<meta name=\"robots\" content=\"index, follow, max-snippet:-1, max-image-preview:large, max-video-preview:-1\" \/>\n<link rel=\"canonical\" href=\"https:\/\/clinicadeladultomayor.com\/en\/medico-en-el-salvador-para-problemas-auditivos-en-adultos-mayores-cuidando-de-la-audicion-en-la-tercera-edad\/\" \/>\n<meta property=\"og:locale\" content=\"en_US\" \/>\n<meta property=\"og:type\" content=\"article\" \/>\n<meta property=\"og:title\" content=\"Cuidado de la Audici\u00f3n en la Tercera Edad - Cl\u00ednica del adulto mayor\" \/>\n<meta property=\"og:description\" content=\"Descubre recomendaciones para mantener una audici\u00f3n saludable \u00a1No dejes que la p\u00e9rdida auditiva limite tu bienestar!\" \/>\n<meta property=\"og:url\" content=\"https:\/\/clinicadeladultomayor.com\/en\/medico-en-el-salvador-para-problemas-auditivos-en-adultos-mayores-cuidando-de-la-audicion-en-la-tercera-edad\/\" \/>\n<meta property=\"og:site_name\" content=\"Cl\u00ednica del adulto mayor\" \/>\n<meta property=\"article:published_time\" content=\"2023-07-18T15:14:31+00:00\" \/>\n<meta property=\"article:modified_time\" content=\"2023-11-06T14:54:57+00:00\" \/>\n<meta property=\"og:image\" content=\"https:\/\/clinicadeladultomayor.com\/wp-content\/uploads\/2023\/07\/3PROBLEMAS-AUDITIVOS.jpg\" \/>\n\t<meta property=\"og:image:width\" content=\"600\" \/>\n\t<meta property=\"og:image:height\" content=\"300\" \/>\n\t<meta property=\"og:image:type\" content=\"image\/jpeg\" \/>\n<meta name=\"author\" content=\"Soporte IT\" \/>\n<meta name=\"twitter:card\" content=\"summary_large_image\" \/>\n<meta name=\"twitter:label1\" content=\"Written by\" \/>\n\t<meta name=\"twitter:data1\" content=\"Soporte IT\" \/>\n\t<meta name=\"twitter:label2\" content=\"Est. reading time\" \/>\n\t<meta name=\"twitter:data2\" content=\"2 minutes\" \/>\n<script type=\"application\/ld+json\" class=\"yoast-schema-graph\">{\"@context\":\"https:\\\/\\\/schema.org\",\"@graph\":[{\"@type\":\"Article\",\"@id\":\"https:\\\/\\\/clinicadeladultomayor.com\\\/medico-en-el-salvador-para-problemas-auditivos-en-adultos-mayores-cuidando-de-la-audicion-en-la-tercera-edad\\\/#article\",\"isPartOf\":{\"@id\":\"https:\\\/\\\/clinicadeladultomayor.com\\\/medico-en-el-salvador-para-problemas-auditivos-en-adultos-mayores-cuidando-de-la-audicion-en-la-tercera-edad\\\/\"},\"author\":{\"name\":\"Soporte IT\",\"@id\":\"https:\\\/\\\/clinicadeladultomayor.com\\\/#\\\/schema\\\/person\\\/2ef7793125c941e86360e7ed2e758796\"},\"headline\":\"M\u00c9DICO EN EL SALVADOR PARA PROBLEMAS AUDITIVOS EN ADULTOS MAYORES: CUIDANDO DE LA AUDICI\u00d3N EN LA TERCERA EDAD\",\"datePublished\":\"2023-07-18T15:14:31+00:00\",\"dateModified\":\"2023-11-06T14:54:57+00:00\",\"mainEntityOfPage\":{\"@id\":\"https:\\\/\\\/clinicadeladultomayor.com\\\/medico-en-el-salvador-para-problemas-auditivos-en-adultos-mayores-cuidando-de-la-audicion-en-la-tercera-edad\\\/\"},\"wordCount\":496,\"publisher\":{\"@id\":\"https:\\\/\\\/clinicadeladultomayor.com\\\/#organization\"},\"image\":{\"@id\":\"https:\\\/\\\/clinicadeladultomayor.com\\\/medico-en-el-salvador-para-problemas-auditivos-en-adultos-mayores-cuidando-de-la-audicion-en-la-tercera-edad\\\/#primaryimage\"},\"thumbnailUrl\":\"https:\\\/\\\/clinicadeladultomayor.com\\\/wp-content\\\/uploads\\\/2023\\\/07\\\/3PROBLEMAS-AUDITIVOS.jpg\",\"articleSection\":[\"Cuidado del adulto mayor\"],\"inLanguage\":\"en-US\"},{\"@type\":\"WebPage\",\"@id\":\"https:\\\/\\\/clinicadeladultomayor.com\\\/medico-en-el-salvador-para-problemas-auditivos-en-adultos-mayores-cuidando-de-la-audicion-en-la-tercera-edad\\\/\",\"url\":\"https:\\\/\\\/clinicadeladultomayor.com\\\/medico-en-el-salvador-para-problemas-auditivos-en-adultos-mayores-cuidando-de-la-audicion-en-la-tercera-edad\\\/\",\"name\":\"Cuidado de la Audici\u00f3n en la Tercera Edad - Cl\u00ednica del adulto mayor\",\"isPartOf\":{\"@id\":\"https:\\\/\\\/clinicadeladultomayor.com\\\/#website\"},\"primaryImageOfPage\":{\"@id\":\"https:\\\/\\\/clinicadeladultomayor.com\\\/medico-en-el-salvador-para-problemas-auditivos-en-adultos-mayores-cuidando-de-la-audicion-en-la-tercera-edad\\\/#primaryimage\"},\"image\":{\"@id\":\"https:\\\/\\\/clinicadeladultomayor.com\\\/medico-en-el-salvador-para-problemas-auditivos-en-adultos-mayores-cuidando-de-la-audicion-en-la-tercera-edad\\\/#primaryimage\"},\"thumbnailUrl\":\"https:\\\/\\\/clinicadeladultomayor.com\\\/wp-content\\\/uploads\\\/2023\\\/07\\\/3PROBLEMAS-AUDITIVOS.jpg\",\"datePublished\":\"2023-07-18T15:14:31+00:00\",\"dateModified\":\"2023-11-06T14:54:57+00:00\",\"description\":\"Descubre recomendaciones para mantener una audici\u00f3n saludable \u00a1No dejes que la p\u00e9rdida auditiva limite tu bienestar!\",\"breadcrumb\":{\"@id\":\"https:\\\/\\\/clinicadeladultomayor.com\\\/medico-en-el-salvador-para-problemas-auditivos-en-adultos-mayores-cuidando-de-la-audicion-en-la-tercera-edad\\\/#breadcrumb\"},\"inLanguage\":\"en-US\",\"potentialAction\":[{\"@type\":\"ReadAction\",\"target\":[\"https:\\\/\\\/clinicadeladultomayor.com\\\/medico-en-el-salvador-para-problemas-auditivos-en-adultos-mayores-cuidando-de-la-audicion-en-la-tercera-edad\\\/\"]}]},{\"@type\":\"ImageObject\",\"inLanguage\":\"en-US\",\"@id\":\"https:\\\/\\\/clinicadeladultomayor.com\\\/medico-en-el-salvador-para-problemas-auditivos-en-adultos-mayores-cuidando-de-la-audicion-en-la-tercera-edad\\\/#primaryimage\",\"url\":\"https:\\\/\\\/clinicadeladultomayor.com\\\/wp-content\\\/uploads\\\/2023\\\/07\\\/3PROBLEMAS-AUDITIVOS.jpg\",\"contentUrl\":\"https:\\\/\\\/clinicadeladultomayor.com\\\/wp-content\\\/uploads\\\/2023\\\/07\\\/3PROBLEMAS-AUDITIVOS.jpg\",\"width\":600,\"height\":300},{\"@type\":\"BreadcrumbList\",\"@id\":\"https:\\\/\\\/clinicadeladultomayor.com\\\/medico-en-el-salvador-para-problemas-auditivos-en-adultos-mayores-cuidando-de-la-audicion-en-la-tercera-edad\\\/#breadcrumb\",\"itemListElement\":[{\"@type\":\"ListItem\",\"position\":1,\"name\":\"Portada\",\"item\":\"https:\\\/\\\/clinicadeladultomayor.com\\\/\"},{\"@type\":\"ListItem\",\"position\":2,\"name\":\"M\u00c9DICO EN EL SALVADOR PARA PROBLEMAS AUDITIVOS EN ADULTOS MAYORES: CUIDANDO DE LA AUDICI\u00d3N EN LA TERCERA EDAD\"}]},{\"@type\":\"WebSite\",\"@id\":\"https:\\\/\\\/clinicadeladultomayor.com\\\/#website\",\"url\":\"https:\\\/\\\/clinicadeladultomayor.com\\\/\",\"name\":\"Cl\u00ednica del adulto mayor\",\"description\":\"Clinica geriatrica especializada en la atenci\u00f3n del adulto mayor en El Salvador. Acompa\u00f1andote hacia una vejez activa y saludable.\",\"publisher\":{\"@id\":\"https:\\\/\\\/clinicadeladultomayor.com\\\/#organization\"},\"potentialAction\":[{\"@type\":\"SearchAction\",\"target\":{\"@type\":\"EntryPoint\",\"urlTemplate\":\"https:\\\/\\\/clinicadeladultomayor.com\\\/?s={search_term_string}\"},\"query-input\":{\"@type\":\"PropertyValueSpecification\",\"valueRequired\":true,\"valueName\":\"search_term_string\"}}],\"inLanguage\":\"en-US\"},{\"@type\":\"Organization\",\"@id\":\"https:\\\/\\\/clinicadeladultomayor.com\\\/#organization\",\"name\":\"Cl\u00ednica del adulto mayor\",\"url\":\"https:\\\/\\\/clinicadeladultomayor.com\\\/\",\"logo\":{\"@type\":\"ImageObject\",\"inLanguage\":\"en-US\",\"@id\":\"https:\\\/\\\/clinicadeladultomayor.com\\\/#\\\/schema\\\/logo\\\/image\\\/\",\"url\":\"https:\\\/\\\/clinicadeladultomayor.com\\\/wp-content\\\/uploads\\\/2022\\\/05\\\/LOGO-CLINICA-DEL-ADULTO-MAYOR-LETRAS-TURQUESAS.png\",\"contentUrl\":\"https:\\\/\\\/clinicadeladultomayor.com\\\/wp-content\\\/uploads\\\/2022\\\/05\\\/LOGO-CLINICA-DEL-ADULTO-MAYOR-LETRAS-TURQUESAS.png\",\"width\":1200,\"height\":1200,\"caption\":\"Cl\u00ednica del adulto mayor\"},\"image\":{\"@id\":\"https:\\\/\\\/clinicadeladultomayor.com\\\/#\\\/schema\\\/logo\\\/image\\\/\"}},{\"@type\":\"Person\",\"@id\":\"https:\\\/\\\/clinicadeladultomayor.com\\\/#\\\/schema\\\/person\\\/2ef7793125c941e86360e7ed2e758796\",\"name\":\"Soporte IT\",\"image\":{\"@type\":\"ImageObject\",\"inLanguage\":\"en-US\",\"@id\":\"https:\\\/\\\/secure.gravatar.com\\\/avatar\\\/e8a0dc01154442ce61adb174d06366e7a70a613e19f17be1278a30c49fe2ed27?s=96&d=mm&r=g\",\"url\":\"https:\\\/\\\/secure.gravatar.com\\\/avatar\\\/e8a0dc01154442ce61adb174d06366e7a70a613e19f17be1278a30c49fe2ed27?s=96&d=mm&r=g\",\"contentUrl\":\"https:\\\/\\\/secure.gravatar.com\\\/avatar\\\/e8a0dc01154442ce61adb174d06366e7a70a613e19f17be1278a30c49fe2ed27?s=96&d=mm&r=g\",\"caption\":\"Soporte IT\"},\"url\":\"https:\\\/\\\/clinicadeladultomayor.com\\\/en\\\/author\\\/david-cantarero\\\/\"}]}<\/script>\n<!-- \/ Yoast SEO plugin. -->","yoast_head_json":{"title":"Cuidado de la Audici\u00f3n en la Tercera Edad - Cl\u00ednica del adulto mayor","description":"Descubre recomendaciones para mantener una audici\u00f3n saludable \u00a1No dejes que la p\u00e9rdida auditiva limite tu bienestar!","robots":{"index":"index","follow":"follow","max-snippet":"max-snippet:-1","max-image-preview":"max-image-preview:large","max-video-preview":"max-video-preview:-1"},"canonical":"https:\/\/clinicadeladultomayor.com\/en\/medico-en-el-salvador-para-problemas-auditivos-en-adultos-mayores-cuidando-de-la-audicion-en-la-tercera-edad\/","og_locale":"en_US","og_type":"article","og_title":"Cuidado de la Audici\u00f3n en la Tercera Edad - Cl\u00ednica del adulto mayor","og_description":"Descubre recomendaciones para mantener una audici\u00f3n saludable \u00a1No dejes que la p\u00e9rdida auditiva limite tu bienestar!","og_url":"https:\/\/clinicadeladultomayor.com\/en\/medico-en-el-salvador-para-problemas-auditivos-en-adultos-mayores-cuidando-de-la-audicion-en-la-tercera-edad\/","og_site_name":"Cl\u00ednica del adulto mayor","article_published_time":"2023-07-18T15:14:31+00:00","article_modified_time":"2023-11-06T14:54:57+00:00","og_image":[{"width":600,"height":300,"url":"https:\/\/clinicadeladultomayor.com\/wp-content\/uploads\/2023\/07\/3PROBLEMAS-AUDITIVOS.jpg","type":"image\/jpeg"}],"author":"Soporte IT","twitter_card":"summary_large_image","twitter_misc":{"Written by":"Soporte IT","Est. reading time":"2 minutes"},"schema":{"@context":"https:\/\/schema.org","@graph":[{"@type":"Article","@id":"https:\/\/clinicadeladultomayor.com\/medico-en-el-salvador-para-problemas-auditivos-en-adultos-mayores-cuidando-de-la-audicion-en-la-tercera-edad\/#article","isPartOf":{"@id":"https:\/\/clinicadeladultomayor.com\/medico-en-el-salvador-para-problemas-auditivos-en-adultos-mayores-cuidando-de-la-audicion-en-la-tercera-edad\/"},"author":{"name":"Soporte IT","@id":"https:\/\/clinicadeladultomayor.com\/#\/schema\/person\/2ef7793125c941e86360e7ed2e758796"},"headline":"M\u00c9DICO EN EL SALVADOR PARA PROBLEMAS AUDITIVOS EN ADULTOS MAYORES: CUIDANDO DE LA AUDICI\u00d3N EN LA TERCERA EDAD","datePublished":"2023-07-18T15:14:31+00:00","dateModified":"2023-11-06T14:54:57+00:00","mainEntityOfPage":{"@id":"https:\/\/clinicadeladultomayor.com\/medico-en-el-salvador-para-problemas-auditivos-en-adultos-mayores-cuidando-de-la-audicion-en-la-tercera-edad\/"},"wordCount":496,"publisher":{"@id":"https:\/\/clinicadeladultomayor.com\/#organization"},"image":{"@id":"https:\/\/clinicadeladultomayor.com\/medico-en-el-salvador-para-problemas-auditivos-en-adultos-mayores-cuidando-de-la-audicion-en-la-tercera-edad\/#primaryimage"},"thumbnailUrl":"https:\/\/clinicadeladultomayor.com\/wp-content\/uploads\/2023\/07\/3PROBLEMAS-AUDITIVOS.jpg","articleSection":["Cuidado del adulto mayor"],"inLanguage":"en-US"},{"@type":"WebPage","@id":"https:\/\/clinicadeladultomayor.com\/medico-en-el-salvador-para-problemas-auditivos-en-adultos-mayores-cuidando-de-la-audicion-en-la-tercera-edad\/","url":"https:\/\/clinicadeladultomayor.com\/medico-en-el-salvador-para-problemas-auditivos-en-adultos-mayores-cuidando-de-la-audicion-en-la-tercera-edad\/","name":"Cuidado de la Audici\u00f3n en la Tercera Edad - Cl\u00ednica del adulto mayor","isPartOf":{"@id":"https:\/\/clinicadeladultomayor.com\/#website"},"primaryImageOfPage":{"@id":"https:\/\/clinicadeladultomayor.com\/medico-en-el-salvador-para-problemas-auditivos-en-adultos-mayores-cuidando-de-la-audicion-en-la-tercera-edad\/#primaryimage"},"image":{"@id":"https:\/\/clinicadeladultomayor.com\/medico-en-el-salvador-para-problemas-auditivos-en-adultos-mayores-cuidando-de-la-audicion-en-la-tercera-edad\/#primaryimage"},"thumbnailUrl":"https:\/\/clinicadeladultomayor.com\/wp-content\/uploads\/2023\/07\/3PROBLEMAS-AUDITIVOS.jpg","datePublished":"2023-07-18T15:14:31+00:00","dateModified":"2023-11-06T14:54:57+00:00","description":"Descubre recomendaciones para mantener una audici\u00f3n saludable \u00a1No dejes que la p\u00e9rdida auditiva limite tu bienestar!","breadcrumb":{"@id":"https:\/\/clinicadeladultomayor.com\/medico-en-el-salvador-para-problemas-auditivos-en-adultos-mayores-cuidando-de-la-audicion-en-la-tercera-edad\/#breadcrumb"},"inLanguage":"en-US","potentialAction":[{"@type":"ReadAction","target":["https:\/\/clinicadeladultomayor.com\/medico-en-el-salvador-para-problemas-auditivos-en-adultos-mayores-cuidando-de-la-audicion-en-la-tercera-edad\/"]}]},{"@type":"ImageObject","inLanguage":"en-US","@id":"https:\/\/clinicadeladultomayor.com\/medico-en-el-salvador-para-problemas-auditivos-en-adultos-mayores-cuidando-de-la-audicion-en-la-tercera-edad\/#primaryimage","url":"https:\/\/clinicadeladultomayor.com\/wp-content\/uploads\/2023\/07\/3PROBLEMAS-AUDITIVOS.jpg","contentUrl":"https:\/\/clinicadeladultomayor.com\/wp-content\/uploads\/2023\/07\/3PROBLEMAS-AUDITIVOS.jpg","width":600,"height":300},{"@type":"BreadcrumbList","@id":"https:\/\/clinicadeladultomayor.com\/medico-en-el-salvador-para-problemas-auditivos-en-adultos-mayores-cuidando-de-la-audicion-en-la-tercera-edad\/#breadcrumb","itemListElement":[{"@type":"ListItem","position":1,"name":"Portada","item":"https:\/\/clinicadeladultomayor.com\/"},{"@type":"ListItem","position":2,"name":"M\u00c9DICO EN EL SALVADOR PARA PROBLEMAS AUDITIVOS EN ADULTOS MAYORES: CUIDANDO DE LA AUDICI\u00d3N EN LA TERCERA EDAD"}]},{"@type":"WebSite","@id":"https:\/\/clinicadeladultomayor.com\/#website","url":"https:\/\/clinicadeladultomayor.com\/","name":"Cl\u00ednica del adulto mayor","description":"Clinica geriatrica especializada en la atenci\u00f3n del adulto mayor en El Salvador. Acompa\u00f1andote hacia una vejez activa y saludable.","publisher":{"@id":"https:\/\/clinicadeladultomayor.com\/#organization"},"potentialAction":[{"@type":"SearchAction","target":{"@type":"EntryPoint","urlTemplate":"https:\/\/clinicadeladultomayor.com\/?s={search_term_string}"},"query-input":{"@type":"PropertyValueSpecification","valueRequired":true,"valueName":"search_term_string"}}],"inLanguage":"en-US"},{"@type":"Organization","@id":"https:\/\/clinicadeladultomayor.com\/#organization","name":"Cl\u00ednica del adulto mayor","url":"https:\/\/clinicadeladultomayor.com\/","logo":{"@type":"ImageObject","inLanguage":"en-US","@id":"https:\/\/clinicadeladultomayor.com\/#\/schema\/logo\/image\/","url":"https:\/\/clinicadeladultomayor.com\/wp-content\/uploads\/2022\/05\/LOGO-CLINICA-DEL-ADULTO-MAYOR-LETRAS-TURQUESAS.png","contentUrl":"https:\/\/clinicadeladultomayor.com\/wp-content\/uploads\/2022\/05\/LOGO-CLINICA-DEL-ADULTO-MAYOR-LETRAS-TURQUESAS.png","width":1200,"height":1200,"caption":"Cl\u00ednica del adulto mayor"},"image":{"@id":"https:\/\/clinicadeladultomayor.com\/#\/schema\/logo\/image\/"}},{"@type":"Person","@id":"https:\/\/clinicadeladultomayor.com\/#\/schema\/person\/2ef7793125c941e86360e7ed2e758796","name":"Soporte IT","image":{"@type":"ImageObject","inLanguage":"en-US","@id":"https:\/\/secure.gravatar.com\/avatar\/e8a0dc01154442ce61adb174d06366e7a70a613e19f17be1278a30c49fe2ed27?s=96&d=mm&r=g","url":"https:\/\/secure.gravatar.com\/avatar\/e8a0dc01154442ce61adb174d06366e7a70a613e19f17be1278a30c49fe2ed27?s=96&d=mm&r=g","contentUrl":"https:\/\/secure.gravatar.com\/avatar\/e8a0dc01154442ce61adb174d06366e7a70a613e19f17be1278a30c49fe2ed27?s=96&d=mm&r=g","caption":"Soporte IT"},"url":"https:\/\/clinicadeladultomayor.com\/en\/author\/david-cantarero\/"}]}},"_links":{"self":[{"href":"https:\/\/clinicadeladultomayor.com\/en\/wp-json\/wp\/v2\/posts\/1378","targetHints":{"allow":["GET"]}}],"collection":[{"href":"https:\/\/clinicadeladultomayor.com\/en\/wp-json\/wp\/v2\/posts"}],"about":[{"href":"https:\/\/clinicadeladultomayor.com\/en\/wp-json\/wp\/v2\/types\/post"}],"author":[{"embeddable":true,"href":"https:\/\/clinicadeladultomayor.com\/en\/wp-json\/wp\/v2\/users\/10"}],"replies":[{"embeddable":true,"href":"https:\/\/clinicadeladultomayor.com\/en\/wp-json\/wp\/v2\/comments?post=1378"}],"version-history":[{"count":5,"href":"https:\/\/clinicadeladultomayor.com\/en\/wp-json\/wp\/v2\/posts\/1378\/revisions"}],"predecessor-version":[{"id":1385,"href":"https:\/\/clinicadeladultomayor.com\/en\/wp-json\/wp\/v2\/posts\/1378\/revisions\/1385"}],"wp:featuredmedia":[{"embeddable":true,"href":"https:\/\/clinicadeladultomayor.com\/en\/wp-json\/wp\/v2\/media\/1379"}],"wp:attachment":[{"href":"https:\/\/clinicadeladultomayor.com\/en\/wp-json\/wp\/v2\/media?parent=1378"}],"wp:term":[{"taxonomy":"category","embeddable":true,"href":"https:\/\/clinicadeladultomayor.com\/en\/wp-json\/wp\/v2\/categories?post=1378"},{"taxonomy":"post_tag","embeddable":true,"href":"https:\/\/clinicadeladultomayor.com\/en\/wp-json\/wp\/v2\/tags?post=1378"}],"curies":[{"name":"wp","href":"https:\/\/api.w.org\/{rel}","templated":true}]}}