{"id":350,"date":"2022-05-03T22:20:56","date_gmt":"2022-05-03T22:20:56","guid":{"rendered":"https:\/\/clinicadeladultomayor.com\/?p=350"},"modified":"2022-08-30T15:07:16","modified_gmt":"2022-08-30T15:07:16","slug":"por-que-deberia-contratar-un-cuidador-profesional-para-personas-mayores","status":"publish","type":"post","link":"https:\/\/clinicadeladultomayor.com\/en\/por-que-deberia-contratar-un-cuidador-profesional-para-personas-mayores\/","title":{"rendered":"\u00bfPor qu\u00e9 deber\u00eda contratar un cuidador profesional para personas\u00a0mayores?"},"content":{"rendered":"<p>La adaptaci\u00f3n al envejecimiento no es f\u00e1cil para las personas mayores; ellas valoran su independencia y generalmente no expresan su necesidad de ayuda, puede que no les guste admitir que necesitan ayuda con las actividades diarias, y los miembros de la familia no siempre saben c\u00f3mo hablar del tema y determinar si se necesita contratar un cuidador. &nbsp; <\/p>\n\n\n\n<div class=\"wp-block-group\"><div class=\"wp-block-group__inner-container is-layout-flow wp-block-group-is-layout-flow\">\n<div class=\"wp-block-columns is-layout-flex wp-container-core-columns-is-layout-9d6595d7 wp-block-columns-is-layout-flex\">\n<div class=\"wp-block-column is-layout-flow wp-block-column-is-layout-flow\" style=\"flex-basis:100%\">\n<div class=\"wp-block-group\"><div class=\"wp-block-group__inner-container is-layout-flow wp-block-group-is-layout-flow\">\n<p>Esto hace que como familia debamos abordar el tema de \u201cnecesidad de cuidados\u201d con una actitud de respeto, sensibilidad, compasi\u00f3n y empat\u00eda hacia nuestro familiar adulto mayor<strong>.&nbsp;<\/strong>Aunque esto sea inc\u00f3modo o vergonzoso, la asistencia puede fomentar un mayor sentido de independencia, ayuda con el transporte y la movilidad, etc. Una sola conversaci\u00f3n inc\u00f3moda puede ser el primer paso para que tu ser querido reciba la ayuda que necesita, con un cuidado adecuado en el hogar.<\/p>\n<\/div><\/div>\n<\/div>\n<\/div>\n<\/div><\/div>\n\n\n\n<div class=\"wp-block-media-text alignwide is-stacked-on-mobile\"><figure class=\"wp-block-media-text__media\"><img loading=\"lazy\" decoding=\"async\" width=\"1024\" height=\"726\" src=\"https:\/\/clinicadeladultomayor.com\/wp-content\/uploads\/2022\/05\/blog1-2-1024x726.png\" alt=\"Decisi\u00f3n en familia, cuidado profesional para adulto mayor\" class=\"wp-image-354 size-full\" srcset=\"https:\/\/clinicadeladultomayor.com\/wp-content\/uploads\/2022\/05\/blog1-2-1024x726.png 1024w, https:\/\/clinicadeladultomayor.com\/wp-content\/uploads\/2022\/05\/blog1-2-300x213.png 300w, https:\/\/clinicadeladultomayor.com\/wp-content\/uploads\/2022\/05\/blog1-2-768x545.png 768w, https:\/\/clinicadeladultomayor.com\/wp-content\/uploads\/2022\/05\/blog1-2-1536x1090.png 1536w, https:\/\/clinicadeladultomayor.com\/wp-content\/uploads\/2022\/05\/blog1-2.png 1748w\" sizes=\"auto, (max-width: 1024px) 100vw, 1024px\" \/><\/figure><div class=\"wp-block-media-text__content\">\n<p style=\"font-size:18px\">Pero \u00bfPor qu\u00e9 y cuando contratar a un cuidador profesional? A continuaci\u00f3n te compartimos unos puntos que debes tomar en cuenta a la hora de tomar esta delicada decisi\u00f3n:<\/p>\n<\/div><\/div>\n\n\n\n<h2 class=\"wp-block-heading\"><strong>Se\u00f1ales de que se necesita un cuidador.<\/strong><\/h2>\n\n\n\n<p>Aqu\u00ed hay algunas se\u00f1ales que usted debe buscar para ayudarle a decidir cu\u00e1ndo un ser querido puede haber llegado a un punto en la vida donde se necesita cuidados a domicilio. Si bien pueden querer permanecer independientes, su salud y bienestar son lo m\u00e1s importante cuando se considera la posibilidad de traer una ayuda adicional.<\/p>\n\n\n\n<ol class=\"wp-block-list\"><li>Salud y bienestar general: Olvida tomar medicamentos o duplica dosis al no recordar.&nbsp;<\/li><li>El hogar est\u00e1 generalmente en desorden, ya que deja de lado las labores del hogar.&nbsp;<\/li><li>Mala preparaci\u00f3n de comidas: No le interesa cocinar, tiene comida vencida en el refrigerador o en la despensa.<\/li><li>Higiene personal&nbsp; inadecuada.<\/li><li>Ca\u00eddas o golpes constantes,&nbsp;<\/li><li>Olvida fechas, nombres o direcciones.&nbsp;<\/li><\/ol>\n\n\n\n<p>Aborda las conversaciones sobre estos y otros asuntos con amor, inter\u00e9s y una actitud comprensiva. Deja claro que no est\u00e1s intentando hacerte cargo de la vida de tu ser querido ni tomar decisiones en su nombre. Tu objetivo es ayudarlo a mantenerse lo m\u00e1s independiente posible por el mayor tiempo posible.<\/p>\n\n\n\n<h2 class=\"wp-block-heading\">Opciones de cuidados para mayores en El Salvador<\/h2>\n\n\n\n<p>En el momento que decidimos encontrar la mejor opci\u00f3n para cuidar de nuestro mayor debemos tener en cuenta 3 opciones:<\/p>\n\n\n\n<ul class=\"wp-block-list\"><li>Probabilidad de trasladarlo a casa de un familiar&nbsp;<\/li><li>Residencias para personas mayores m\u00e1s cercanas&nbsp;<\/li><li>Contratar un servicio de asistencia a domicilio para el cuidado de personas mayores<\/li><\/ul>\n\n\n\n<p>La mayor\u00eda de&nbsp;<strong>personas mayores prefieren seguir viviendo en su propia casa y continuar su vida cotidiana tal y como est\u00e1.&nbsp;<\/strong>Aun as\u00ed, en muchos casos, no tienen la autonom\u00eda suficiente para realizar todas las tareas diarias por s\u00ed solos, en este y la mayor\u00eda de casos<strong>&nbsp;la soluci\u00f3n es optar por contratar los servicios a domicilio&nbsp;<\/strong>de un cuidador de personas mayores, profesional y cualificado.&nbsp;<\/p>\n\n\n\n<h2 class=\"wp-block-heading\">&nbsp;<strong>Evaluar la necesidad<\/strong><\/h2>\n\n\n\n<p>Determina el nivel de asistencia necesario. Escribe, junto con tu ser querido, sus necesidades y limitaciones, lo que le gusta y lo que no le gusta, sus expectativas y las recomendaciones del m\u00e9dico. Los servicios del cuidado a domicilio por horas o a tiempo completo son a menudo suficientes.&nbsp;<\/p>\n\n\n\n<p>La meta es encontrar un cuidador confiable, compasivo y responsable. De ser posible, t\u00fa y tu ser querido juntos deber\u00edan entrevistar a los candidatos. Preparen preguntas por escrito y establezcan los requisitos del trabajo con claridad y sinceridad.&nbsp;<\/p>\n\n\n\n<p>Para mayor informaci\u00f3n de servicios y productos, especialmente para tus seres queridos, recuerda que puedes contactarnos por medio de nuestras redes sociales (<a href=\"https:\/\/www.facebook.com\/geriatraSV\" target=\"_blank\" rel=\"noreferrer noopener\">(Facebook,<\/a>, <a href=\"https:\/\/www.instagram.com\/geriatra.sv\/\" target=\"_blank\" rel=\"noreferrer noopener\">Instagram<\/a> and <a href=\"https:\/\/wa.me\/message\/XBV7L4YD3EX2H1\" target=\"_blank\" rel=\"noreferrer noopener\">WhatsApp)<\/a>) y correo electr\u00f3nico. Tambi\u00e9n puedes <a href=\"https:\/\/clinicadeladultomayor.com\/index.php\/agendar-cita\/\" target=\"_blank\" rel=\"noreferrer noopener\">realizar tu cita aqu\u00ed<\/a>. <\/p>\n\n\n\n<p>Cl\u00ednica del adulto mayor, acompa\u00f1\u00e1ndote hacia una vejez activa y saludable.<\/p>","protected":false},"excerpt":{"rendered":"<p>Cuidar de los mayores es tanto un derecho como un deber, por eso es importante saber cuando y porque contratar un cuidador profesional.<\/p>","protected":false},"author":2,"featured_media":357,"comment_status":"open","ping_status":"open","sticky":false,"template":"","format":"standard","meta":{"pagelayer_contact_templates":[],"_pagelayer_content":"","footnotes":""},"categories":[6,10],"tags":[34,47,9,30,35,7,33,17,32,42,43,40,45,11],"class_list":["post-350","post","type-post","status-publish","format-standard","has-post-thumbnail","hentry","category-cuidado-del-adulto-mayor","category-recomendaciones-para-el-adulto-mayor","tag-asistencia-geriatrica-el-salvador","tag-atencion-medica-para-adultos-mayores-san-salvador","tag-ayuda","tag-consulta-medica-en-el-salvador-2","tag-cuidado-a-domicilio-en-san-salvador","tag-cuidado-del-adulto-mayor","tag-cuidado-del-adulto-mayor-el-salvador","tag-cuidador-profesional","tag-cuidador-profesional-el-salvador","tag-geriatra-el-salvador","tag-geriatra-en-san-salvador","tag-gerontologo-el-salvador","tag-medico-geriatra-el-salvador","tag-recomendacion"],"yoast_head":"<!-- This site is optimized with the Yoast SEO plugin v27.4 - https:\/\/yoast.com\/product\/yoast-seo-wordpress\/ -->\n<title>\u00bfPor qu\u00e9 deber\u00eda contratar un cuidador profesional para personas\u00a0mayores? | Cl\u00ednica del adulto mayor<\/title>\n<meta name=\"description\" content=\"Cuidar de los mayores es tanto un derecho como un deber, por eso es importante saber cuando y porque contratar un cuidador profesional.\" \/>\n<meta name=\"robots\" content=\"index, follow, max-snippet:-1, max-image-preview:large, max-video-preview:-1\" \/>\n<link rel=\"canonical\" href=\"https:\/\/clinicadeladultomayor.com\/en\/por-que-deberia-contratar-un-cuidador-profesional-para-personas-mayores\/\" \/>\n<meta property=\"og:locale\" content=\"en_US\" \/>\n<meta property=\"og:type\" content=\"article\" \/>\n<meta property=\"og:title\" content=\"\u00bfPor qu\u00e9 deber\u00eda contratar un cuidador profesional para personas\u00a0mayores? | Cl\u00ednica del adulto mayor\" \/>\n<meta property=\"og:description\" content=\"Cuidar de los mayores es tanto un derecho como un deber, por eso es importante saber cuando y porque contratar un cuidador profesional.\" \/>\n<meta property=\"og:url\" content=\"https:\/\/clinicadeladultomayor.com\/en\/por-que-deberia-contratar-un-cuidador-profesional-para-personas-mayores\/\" \/>\n<meta property=\"og:site_name\" content=\"Cl\u00ednica del adulto mayor\" \/>\n<meta property=\"article:published_time\" content=\"2022-05-03T22:20:56+00:00\" \/>\n<meta property=\"article:modified_time\" content=\"2022-08-30T15:07:16+00:00\" \/>\n<meta property=\"og:image\" content=\"https:\/\/clinicadeladultomayor.com\/wp-content\/uploads\/2022\/05\/Diseno-sin-titulo-2.png\" \/>\n\t<meta property=\"og:image:width\" content=\"1280\" \/>\n\t<meta property=\"og:image:height\" content=\"720\" \/>\n\t<meta property=\"og:image:type\" content=\"image\/png\" \/>\n<meta name=\"author\" content=\"Yolanda Estrada\" \/>\n<meta name=\"twitter:card\" content=\"summary_large_image\" \/>\n<meta name=\"twitter:label1\" content=\"Written by\" \/>\n\t<meta name=\"twitter:data1\" content=\"Yolanda Estrada\" \/>\n\t<meta name=\"twitter:label2\" content=\"Est. reading time\" \/>\n\t<meta name=\"twitter:data2\" content=\"3 minutes\" \/>\n<script type=\"application\/ld+json\" class=\"yoast-schema-graph\">{\"@context\":\"https:\\\/\\\/schema.org\",\"@graph\":[{\"@type\":\"Article\",\"@id\":\"https:\\\/\\\/clinicadeladultomayor.com\\\/por-que-deberia-contratar-un-cuidador-profesional-para-personas-mayores\\\/#article\",\"isPartOf\":{\"@id\":\"https:\\\/\\\/clinicadeladultomayor.com\\\/por-que-deberia-contratar-un-cuidador-profesional-para-personas-mayores\\\/\"},\"author\":{\"name\":\"Yolanda Estrada\",\"@id\":\"https:\\\/\\\/clinicadeladultomayor.com\\\/#\\\/schema\\\/person\\\/057f90718f1cd70a500f80ef1b128857\"},\"headline\":\"\u00bfPor qu\u00e9 deber\u00eda contratar un cuidador profesional para personas\u00a0mayores?\",\"datePublished\":\"2022-05-03T22:20:56+00:00\",\"dateModified\":\"2022-08-30T15:07:16+00:00\",\"mainEntityOfPage\":{\"@id\":\"https:\\\/\\\/clinicadeladultomayor.com\\\/por-que-deberia-contratar-un-cuidador-profesional-para-personas-mayores\\\/\"},\"wordCount\":649,\"commentCount\":1,\"publisher\":{\"@id\":\"https:\\\/\\\/clinicadeladultomayor.com\\\/#organization\"},\"image\":{\"@id\":\"https:\\\/\\\/clinicadeladultomayor.com\\\/por-que-deberia-contratar-un-cuidador-profesional-para-personas-mayores\\\/#primaryimage\"},\"thumbnailUrl\":\"https:\\\/\\\/clinicadeladultomayor.com\\\/wp-content\\\/uploads\\\/2022\\\/05\\\/Diseno-sin-titulo-2.png\",\"keywords\":[\"Asistencia geri\u00e1trica El Salvador\",\"Atenci\u00f3n m\u00e9dica para adultos mayores San Salvador\",\"ayuda\",\"consulta m\u00e9dica en El Salvador\",\"Cuidado a domicilio en San Salvador\",\"cuidado del adulto mayor\",\"cuidado del adulto mayor El salvador\",\"cuidador profesional\",\"cuidador profesional El Salvador\",\"Geriatra El Salvador\",\"Geriatra en San Salvador\",\"Geront\u00f3logo El Salvador\",\"M\u00e9dico geriatra El salvador\",\"Recomendaci\u00f3n\"],\"articleSection\":[\"Cuidado del adulto mayor\",\"Recomendaciones para el adulto mayor\"],\"inLanguage\":\"en-US\",\"potentialAction\":[{\"@type\":\"CommentAction\",\"name\":\"Comment\",\"target\":[\"https:\\\/\\\/clinicadeladultomayor.com\\\/por-que-deberia-contratar-un-cuidador-profesional-para-personas-mayores\\\/#respond\"]}]},{\"@type\":\"WebPage\",\"@id\":\"https:\\\/\\\/clinicadeladultomayor.com\\\/por-que-deberia-contratar-un-cuidador-profesional-para-personas-mayores\\\/\",\"url\":\"https:\\\/\\\/clinicadeladultomayor.com\\\/por-que-deberia-contratar-un-cuidador-profesional-para-personas-mayores\\\/\",\"name\":\"\u00bfPor qu\u00e9 deber\u00eda contratar un cuidador profesional para personas\u00a0mayores? | Cl\u00ednica del adulto mayor\",\"isPartOf\":{\"@id\":\"https:\\\/\\\/clinicadeladultomayor.com\\\/#website\"},\"primaryImageOfPage\":{\"@id\":\"https:\\\/\\\/clinicadeladultomayor.com\\\/por-que-deberia-contratar-un-cuidador-profesional-para-personas-mayores\\\/#primaryimage\"},\"image\":{\"@id\":\"https:\\\/\\\/clinicadeladultomayor.com\\\/por-que-deberia-contratar-un-cuidador-profesional-para-personas-mayores\\\/#primaryimage\"},\"thumbnailUrl\":\"https:\\\/\\\/clinicadeladultomayor.com\\\/wp-content\\\/uploads\\\/2022\\\/05\\\/Diseno-sin-titulo-2.png\",\"datePublished\":\"2022-05-03T22:20:56+00:00\",\"dateModified\":\"2022-08-30T15:07:16+00:00\",\"description\":\"Cuidar de los mayores es tanto un derecho como un deber, por eso es importante saber cuando y porque contratar un cuidador profesional.\",\"breadcrumb\":{\"@id\":\"https:\\\/\\\/clinicadeladultomayor.com\\\/por-que-deberia-contratar-un-cuidador-profesional-para-personas-mayores\\\/#breadcrumb\"},\"inLanguage\":\"en-US\",\"potentialAction\":[{\"@type\":\"ReadAction\",\"target\":[\"https:\\\/\\\/clinicadeladultomayor.com\\\/por-que-deberia-contratar-un-cuidador-profesional-para-personas-mayores\\\/\"]}]},{\"@type\":\"ImageObject\",\"inLanguage\":\"en-US\",\"@id\":\"https:\\\/\\\/clinicadeladultomayor.com\\\/por-que-deberia-contratar-un-cuidador-profesional-para-personas-mayores\\\/#primaryimage\",\"url\":\"https:\\\/\\\/clinicadeladultomayor.com\\\/wp-content\\\/uploads\\\/2022\\\/05\\\/Diseno-sin-titulo-2.png\",\"contentUrl\":\"https:\\\/\\\/clinicadeladultomayor.com\\\/wp-content\\\/uploads\\\/2022\\\/05\\\/Diseno-sin-titulo-2.png\",\"width\":1280,\"height\":720,\"caption\":\"cuidador profesional, cuidados para adultos mayores\"},{\"@type\":\"BreadcrumbList\",\"@id\":\"https:\\\/\\\/clinicadeladultomayor.com\\\/por-que-deberia-contratar-un-cuidador-profesional-para-personas-mayores\\\/#breadcrumb\",\"itemListElement\":[{\"@type\":\"ListItem\",\"position\":1,\"name\":\"Portada\",\"item\":\"https:\\\/\\\/clinicadeladultomayor.com\\\/\"},{\"@type\":\"ListItem\",\"position\":2,\"name\":\"\u00bfPor qu\u00e9 deber\u00eda contratar un cuidador profesional para personas\u00a0mayores?\"}]},{\"@type\":\"WebSite\",\"@id\":\"https:\\\/\\\/clinicadeladultomayor.com\\\/#website\",\"url\":\"https:\\\/\\\/clinicadeladultomayor.com\\\/\",\"name\":\"Cl\u00ednica del adulto mayor\",\"description\":\"Clinica geriatrica especializada en la atenci\u00f3n del adulto mayor en El Salvador. Acompa\u00f1andote hacia una vejez activa y saludable.\",\"publisher\":{\"@id\":\"https:\\\/\\\/clinicadeladultomayor.com\\\/#organization\"},\"potentialAction\":[{\"@type\":\"SearchAction\",\"target\":{\"@type\":\"EntryPoint\",\"urlTemplate\":\"https:\\\/\\\/clinicadeladultomayor.com\\\/?s={search_term_string}\"},\"query-input\":{\"@type\":\"PropertyValueSpecification\",\"valueRequired\":true,\"valueName\":\"search_term_string\"}}],\"inLanguage\":\"en-US\"},{\"@type\":\"Organization\",\"@id\":\"https:\\\/\\\/clinicadeladultomayor.com\\\/#organization\",\"name\":\"Cl\u00ednica del adulto mayor\",\"url\":\"https:\\\/\\\/clinicadeladultomayor.com\\\/\",\"logo\":{\"@type\":\"ImageObject\",\"inLanguage\":\"en-US\",\"@id\":\"https:\\\/\\\/clinicadeladultomayor.com\\\/#\\\/schema\\\/logo\\\/image\\\/\",\"url\":\"https:\\\/\\\/clinicadeladultomayor.com\\\/wp-content\\\/uploads\\\/2022\\\/05\\\/LOGO-CLINICA-DEL-ADULTO-MAYOR-LETRAS-TURQUESAS.png\",\"contentUrl\":\"https:\\\/\\\/clinicadeladultomayor.com\\\/wp-content\\\/uploads\\\/2022\\\/05\\\/LOGO-CLINICA-DEL-ADULTO-MAYOR-LETRAS-TURQUESAS.png\",\"width\":1200,\"height\":1200,\"caption\":\"Cl\u00ednica del adulto mayor\"},\"image\":{\"@id\":\"https:\\\/\\\/clinicadeladultomayor.com\\\/#\\\/schema\\\/logo\\\/image\\\/\"}},{\"@type\":\"Person\",\"@id\":\"https:\\\/\\\/clinicadeladultomayor.com\\\/#\\\/schema\\\/person\\\/057f90718f1cd70a500f80ef1b128857\",\"name\":\"Yolanda Estrada\",\"image\":{\"@type\":\"ImageObject\",\"inLanguage\":\"en-US\",\"@id\":\"https:\\\/\\\/secure.gravatar.com\\\/avatar\\\/5dcd0d480ae645caa5bcc658b29547a11f88dc9b78be4586b5d57fc1a949d94f?s=96&d=mm&r=g\",\"url\":\"https:\\\/\\\/secure.gravatar.com\\\/avatar\\\/5dcd0d480ae645caa5bcc658b29547a11f88dc9b78be4586b5d57fc1a949d94f?s=96&d=mm&r=g\",\"contentUrl\":\"https:\\\/\\\/secure.gravatar.com\\\/avatar\\\/5dcd0d480ae645caa5bcc658b29547a11f88dc9b78be4586b5d57fc1a949d94f?s=96&d=mm&r=g\",\"caption\":\"Yolanda Estrada\"},\"url\":\"https:\\\/\\\/clinicadeladultomayor.com\\\/en\\\/author\\\/yolanda-estrada\\\/\"}]}<\/script>\n<!-- \/ Yoast SEO plugin. -->","yoast_head_json":{"title":"\u00bfPor qu\u00e9 deber\u00eda contratar un cuidador profesional para personas\u00a0mayores? | Cl\u00ednica del adulto mayor","description":"Cuidar de los mayores es tanto un derecho como un deber, por eso es importante saber cuando y porque contratar un cuidador profesional.","robots":{"index":"index","follow":"follow","max-snippet":"max-snippet:-1","max-image-preview":"max-image-preview:large","max-video-preview":"max-video-preview:-1"},"canonical":"https:\/\/clinicadeladultomayor.com\/en\/por-que-deberia-contratar-un-cuidador-profesional-para-personas-mayores\/","og_locale":"en_US","og_type":"article","og_title":"\u00bfPor qu\u00e9 deber\u00eda contratar un cuidador profesional para personas\u00a0mayores? | Cl\u00ednica del adulto mayor","og_description":"Cuidar de los mayores es tanto un derecho como un deber, por eso es importante saber cuando y porque contratar un cuidador profesional.","og_url":"https:\/\/clinicadeladultomayor.com\/en\/por-que-deberia-contratar-un-cuidador-profesional-para-personas-mayores\/","og_site_name":"Cl\u00ednica del adulto mayor","article_published_time":"2022-05-03T22:20:56+00:00","article_modified_time":"2022-08-30T15:07:16+00:00","og_image":[{"width":1280,"height":720,"url":"https:\/\/clinicadeladultomayor.com\/wp-content\/uploads\/2022\/05\/Diseno-sin-titulo-2.png","type":"image\/png"}],"author":"Yolanda Estrada","twitter_card":"summary_large_image","twitter_misc":{"Written by":"Yolanda Estrada","Est. reading time":"3 minutes"},"schema":{"@context":"https:\/\/schema.org","@graph":[{"@type":"Article","@id":"https:\/\/clinicadeladultomayor.com\/por-que-deberia-contratar-un-cuidador-profesional-para-personas-mayores\/#article","isPartOf":{"@id":"https:\/\/clinicadeladultomayor.com\/por-que-deberia-contratar-un-cuidador-profesional-para-personas-mayores\/"},"author":{"name":"Yolanda Estrada","@id":"https:\/\/clinicadeladultomayor.com\/#\/schema\/person\/057f90718f1cd70a500f80ef1b128857"},"headline":"\u00bfPor qu\u00e9 deber\u00eda contratar un cuidador profesional para personas\u00a0mayores?","datePublished":"2022-05-03T22:20:56+00:00","dateModified":"2022-08-30T15:07:16+00:00","mainEntityOfPage":{"@id":"https:\/\/clinicadeladultomayor.com\/por-que-deberia-contratar-un-cuidador-profesional-para-personas-mayores\/"},"wordCount":649,"commentCount":1,"publisher":{"@id":"https:\/\/clinicadeladultomayor.com\/#organization"},"image":{"@id":"https:\/\/clinicadeladultomayor.com\/por-que-deberia-contratar-un-cuidador-profesional-para-personas-mayores\/#primaryimage"},"thumbnailUrl":"https:\/\/clinicadeladultomayor.com\/wp-content\/uploads\/2022\/05\/Diseno-sin-titulo-2.png","keywords":["Asistencia geri\u00e1trica El Salvador","Atenci\u00f3n m\u00e9dica para adultos mayores San Salvador","ayuda","consulta m\u00e9dica en El Salvador","Cuidado a domicilio en San Salvador","cuidado del adulto mayor","cuidado del adulto mayor El salvador","cuidador profesional","cuidador profesional El Salvador","Geriatra El Salvador","Geriatra en San Salvador","Geront\u00f3logo El Salvador","M\u00e9dico geriatra El salvador","Recomendaci\u00f3n"],"articleSection":["Cuidado del adulto mayor","Recomendaciones para el adulto mayor"],"inLanguage":"en-US","potentialAction":[{"@type":"CommentAction","name":"Comment","target":["https:\/\/clinicadeladultomayor.com\/por-que-deberia-contratar-un-cuidador-profesional-para-personas-mayores\/#respond"]}]},{"@type":"WebPage","@id":"https:\/\/clinicadeladultomayor.com\/por-que-deberia-contratar-un-cuidador-profesional-para-personas-mayores\/","url":"https:\/\/clinicadeladultomayor.com\/por-que-deberia-contratar-un-cuidador-profesional-para-personas-mayores\/","name":"\u00bfPor qu\u00e9 deber\u00eda contratar un cuidador profesional para personas\u00a0mayores? | Cl\u00ednica del adulto mayor","isPartOf":{"@id":"https:\/\/clinicadeladultomayor.com\/#website"},"primaryImageOfPage":{"@id":"https:\/\/clinicadeladultomayor.com\/por-que-deberia-contratar-un-cuidador-profesional-para-personas-mayores\/#primaryimage"},"image":{"@id":"https:\/\/clinicadeladultomayor.com\/por-que-deberia-contratar-un-cuidador-profesional-para-personas-mayores\/#primaryimage"},"thumbnailUrl":"https:\/\/clinicadeladultomayor.com\/wp-content\/uploads\/2022\/05\/Diseno-sin-titulo-2.png","datePublished":"2022-05-03T22:20:56+00:00","dateModified":"2022-08-30T15:07:16+00:00","description":"Cuidar de los mayores es tanto un derecho como un deber, por eso es importante saber cuando y porque contratar un cuidador profesional.","breadcrumb":{"@id":"https:\/\/clinicadeladultomayor.com\/por-que-deberia-contratar-un-cuidador-profesional-para-personas-mayores\/#breadcrumb"},"inLanguage":"en-US","potentialAction":[{"@type":"ReadAction","target":["https:\/\/clinicadeladultomayor.com\/por-que-deberia-contratar-un-cuidador-profesional-para-personas-mayores\/"]}]},{"@type":"ImageObject","inLanguage":"en-US","@id":"https:\/\/clinicadeladultomayor.com\/por-que-deberia-contratar-un-cuidador-profesional-para-personas-mayores\/#primaryimage","url":"https:\/\/clinicadeladultomayor.com\/wp-content\/uploads\/2022\/05\/Diseno-sin-titulo-2.png","contentUrl":"https:\/\/clinicadeladultomayor.com\/wp-content\/uploads\/2022\/05\/Diseno-sin-titulo-2.png","width":1280,"height":720,"caption":"cuidador profesional, cuidados para adultos mayores"},{"@type":"BreadcrumbList","@id":"https:\/\/clinicadeladultomayor.com\/por-que-deberia-contratar-un-cuidador-profesional-para-personas-mayores\/#breadcrumb","itemListElement":[{"@type":"ListItem","position":1,"name":"Portada","item":"https:\/\/clinicadeladultomayor.com\/"},{"@type":"ListItem","position":2,"name":"\u00bfPor qu\u00e9 deber\u00eda contratar un cuidador profesional para personas\u00a0mayores?"}]},{"@type":"WebSite","@id":"https:\/\/clinicadeladultomayor.com\/#website","url":"https:\/\/clinicadeladultomayor.com\/","name":"Cl\u00ednica del adulto mayor","description":"Clinica geriatrica especializada en la atenci\u00f3n del adulto mayor en El Salvador. Acompa\u00f1andote hacia una vejez activa y saludable.","publisher":{"@id":"https:\/\/clinicadeladultomayor.com\/#organization"},"potentialAction":[{"@type":"SearchAction","target":{"@type":"EntryPoint","urlTemplate":"https:\/\/clinicadeladultomayor.com\/?s={search_term_string}"},"query-input":{"@type":"PropertyValueSpecification","valueRequired":true,"valueName":"search_term_string"}}],"inLanguage":"en-US"},{"@type":"Organization","@id":"https:\/\/clinicadeladultomayor.com\/#organization","name":"Cl\u00ednica del adulto mayor","url":"https:\/\/clinicadeladultomayor.com\/","logo":{"@type":"ImageObject","inLanguage":"en-US","@id":"https:\/\/clinicadeladultomayor.com\/#\/schema\/logo\/image\/","url":"https:\/\/clinicadeladultomayor.com\/wp-content\/uploads\/2022\/05\/LOGO-CLINICA-DEL-ADULTO-MAYOR-LETRAS-TURQUESAS.png","contentUrl":"https:\/\/clinicadeladultomayor.com\/wp-content\/uploads\/2022\/05\/LOGO-CLINICA-DEL-ADULTO-MAYOR-LETRAS-TURQUESAS.png","width":1200,"height":1200,"caption":"Cl\u00ednica del adulto mayor"},"image":{"@id":"https:\/\/clinicadeladultomayor.com\/#\/schema\/logo\/image\/"}},{"@type":"Person","@id":"https:\/\/clinicadeladultomayor.com\/#\/schema\/person\/057f90718f1cd70a500f80ef1b128857","name":"Yolanda Estrada","image":{"@type":"ImageObject","inLanguage":"en-US","@id":"https:\/\/secure.gravatar.com\/avatar\/5dcd0d480ae645caa5bcc658b29547a11f88dc9b78be4586b5d57fc1a949d94f?s=96&d=mm&r=g","url":"https:\/\/secure.gravatar.com\/avatar\/5dcd0d480ae645caa5bcc658b29547a11f88dc9b78be4586b5d57fc1a949d94f?s=96&d=mm&r=g","contentUrl":"https:\/\/secure.gravatar.com\/avatar\/5dcd0d480ae645caa5bcc658b29547a11f88dc9b78be4586b5d57fc1a949d94f?s=96&d=mm&r=g","caption":"Yolanda Estrada"},"url":"https:\/\/clinicadeladultomayor.com\/en\/author\/yolanda-estrada\/"}]}},"_links":{"self":[{"href":"https:\/\/clinicadeladultomayor.com\/en\/wp-json\/wp\/v2\/posts\/350","targetHints":{"allow":["GET"]}}],"collection":[{"href":"https:\/\/clinicadeladultomayor.com\/en\/wp-json\/wp\/v2\/posts"}],"about":[{"href":"https:\/\/clinicadeladultomayor.com\/en\/wp-json\/wp\/v2\/types\/post"}],"author":[{"embeddable":true,"href":"https:\/\/clinicadeladultomayor.com\/en\/wp-json\/wp\/v2\/users\/2"}],"replies":[{"embeddable":true,"href":"https:\/\/clinicadeladultomayor.com\/en\/wp-json\/wp\/v2\/comments?post=350"}],"version-history":[{"count":15,"href":"https:\/\/clinicadeladultomayor.com\/en\/wp-json\/wp\/v2\/posts\/350\/revisions"}],"predecessor-version":[{"id":629,"href":"https:\/\/clinicadeladultomayor.com\/en\/wp-json\/wp\/v2\/posts\/350\/revisions\/629"}],"wp:featuredmedia":[{"embeddable":true,"href":"https:\/\/clinicadeladultomayor.com\/en\/wp-json\/wp\/v2\/media\/357"}],"wp:attachment":[{"href":"https:\/\/clinicadeladultomayor.com\/en\/wp-json\/wp\/v2\/media?parent=350"}],"wp:term":[{"taxonomy":"category","embeddable":true,"href":"https:\/\/clinicadeladultomayor.com\/en\/wp-json\/wp\/v2\/categories?post=350"},{"taxonomy":"post_tag","embeddable":true,"href":"https:\/\/clinicadeladultomayor.com\/en\/wp-json\/wp\/v2\/tags?post=350"}],"curies":[{"name":"wp","href":"https:\/\/api.w.org\/{rel}","templated":true}]}}