{"id":476,"date":"2022-06-27T04:02:32","date_gmt":"2022-06-27T04:02:32","guid":{"rendered":"https:\/\/clinicadeladultomayor.com\/?p=476"},"modified":"2022-08-30T14:20:18","modified_gmt":"2022-08-30T14:20:18","slug":"prevencion-de-enfermedades-la-discapacidad-y-la-dependencia","status":"publish","type":"post","link":"https:\/\/clinicadeladultomayor.com\/en\/prevencion-de-enfermedades-la-discapacidad-y-la-dependencia\/","title":{"rendered":"Prevenci\u00f3n de enfermedades, la discapacidad y la dependencia"},"content":{"rendered":"<p>Aumentar los a\u00f1os de vida libres de incapacidad es uno de los principales objetivos de la geriatr\u00eda. Pero<br>hay algunas connotaciones en el debate abierto de la dependencia a tener en cuenta, como por ejemplo:<br>\u2014 Mostrar la dependencia en el anciano como una consecuencia inevitable del envejecimiento.<br>\u2014 Insistir mucho en su atenci\u00f3n y poco en su prevenci\u00f3n.<br>\u2014 Hacer m\u00e1s \u00e9nfasis en las responsabilidades individuales y familiares y menos en las competencias p\u00fablicas.<br>Hoy en d\u00eda existe suficiente evidencia cient\u00edfica para afirmar que es posible disminuir de forma significativa la incidencia, la prevalencia y la intensidad de la enfermedad, la discapacidad y, con ello, la dependencia en el anciano.<\/p>\n\n\n\n<div class=\"wp-block-media-text alignwide is-stacked-on-mobile\"><figure class=\"wp-block-media-text__media\"><img loading=\"lazy\" decoding=\"async\" width=\"250\" height=\"250\" src=\"https:\/\/clinicadeladultomayor.com\/wp-content\/uploads\/2022\/06\/web-1.png\" alt=\"Persona mayor, preocupaci\u00f3n, dependencia, \" class=\"wp-image-483 size-full\" srcset=\"https:\/\/clinicadeladultomayor.com\/wp-content\/uploads\/2022\/06\/web-1.png 250w, https:\/\/clinicadeladultomayor.com\/wp-content\/uploads\/2022\/06\/web-1-150x150.png 150w\" sizes=\"auto, (max-width: 250px) 100vw, 250px\" \/><\/figure><div class=\"wp-block-media-text__content\">\n<p class=\"has-medium-font-size\">La dependencia y el sufrimiento es lo que m\u00e1s preocupa a las personas mayores si siguen viviendo m\u00e1s a\u00f1os. Ambas cosas son, pues, la base para poder tener una adecuada calidad de vida.<\/p>\n<\/div><\/div>\n\n\n\n<h2 class=\"wp-block-heading\">Discapacidad y envejecimiento<\/h2>\n\n\n\n<p>Primero hablemos de que es la enfermedad, deficiencia y la dependencia. La enfermedad es una alteraci\u00f3n leve o grave del funcionamiento normal de un organismo o de alguna de sus partes debida a una causa interna o externa. Por deficiencia se entiende la alteraci\u00f3n de una funci\u00f3n o de una estructura psicol\u00f3gica, fisiol\u00f3gica o anat\u00f3mica.<\/p>\n\n\n\n<p>La discapacidad corresponde, como resultado de una deficiencia\/enfermedad, a toda reducci\u00f3n parcial<br>o total de la capacidad de desarrollar una actividad o funci\u00f3n dentro de los l\u00edmites que se consideran normales. La discapacidad puede ser reversible o irreversible. La dimensi\u00f3n de la discapacidad concierne a comportamientos considerados esenciales, como comunicarse, desplazarse, alimentarse, etc.<\/p>\n\n\n\n<p>Para la geriatr\u00eda es importante conocer el proceso de entrada o comienzo en la discapacidad, para establecer las medidas de prevenci\u00f3n. Pues dependiendo de la edad se tiene mayor riesgo de discapacidad. <\/p>\n\n\n\n<p>Hacia los 50 a\u00f1os, en el inicio de la madurez, las tasas de riesgo empiezan a crecer y las mujeres<br>comienzan a presentar mayores incidencias. A los 75 a\u00f1os, la entrada es muy fuerte; coincide justamente<br>con las edades en que m\u00e1s supervivencia se est\u00e1 consiguiendo. La mayor probabilidad de entrar en discapacidad para toda la poblaci\u00f3n se concentra entre los 80 y 85 a\u00f1os. A partir de los 85 a\u00f1os se ralentiza el riesgo de entrada en la discapacidad, existiendo un contingente de personas que fallece sin haber sufrido per\u00edodos de discapacidad.<\/p>\n\n\n\n<h2 class=\"wp-block-heading\">Prevenci\u00f3n de la dependencia y geriatr\u00eda en El Salvador<\/h2>\n\n\n\n<p>La geriatr\u00eda es una rama de la Medicina que abarca la atenci\u00f3n de todas las necesidades sanitarias de la<br>persona mayor. Cubre los siguientes aspectos:<br>a) Prevenci\u00f3n y promoci\u00f3n de la salud (con desarrollo de programas espec\u00edficos).<br>b) Asistencial (garantizando el tipo y la calidad de atenci\u00f3n preventiva, progresiva, integral y continuada caracter\u00edstica de la pr\u00e1ctica geri\u00e1trica).<br>c) Recuperaci\u00f3n de funci\u00f3n (con car\u00e1cter preventivo, y en todas las fases de la enfermedad incapacitante).<br>Por ello, en geriatr\u00eda, la prevenci\u00f3n es uno de los objetivos principales, aportando sus conocimientos y<br>sus herramientas diagn\u00f3sticas, como: la valoraci\u00f3n geri\u00e1trica integral (<a href=\"https:\/\/clinicadeladultomayor.com\/index.php\/agendar-cita\/\" target=\"_blank\" rel=\"noreferrer noopener\">puedes hacer tu cita aqu\u00ed<\/a>), la interdisciplinariedad y la existencia de niveles asistenciales seg\u00fan las diferentes necesidades sanitarias y sociales que plantean los ancianos seg\u00fan su capacidad.<\/p>\n\n\n\n<p>En los adultos mayores, el llevar a cabo medidas de prevenci\u00f3n puede limitar la enfermedad y con ello la discapacidad y la dependencia. Las formas de prevenci\u00f3n tradicionales son:<\/p>\n\n\n\n<p>\u2014 Prevenci\u00f3n primaria: busca evitar la enfermedad antes de que esta haya hecho acto de presencia. El ejercicio y la vacunaci\u00f3n son ejemplos t\u00edpicos.<br>\u2014 Prevenci\u00f3n secundaria: busca la detecci\u00f3n temprana de la enfermedad para impedir o limitar la aparici\u00f3n de sus manifestaciones o de sus complicaciones una vez instaurada. La mamograf\u00eda para detectar c\u00e1ncer de mama es un ejemplo t\u00edpico.<br>\u2014 Prevenci\u00f3n terciaria: persigue minimizar las consecuencias de la propia enfermedad y facilitar la recuperaci\u00f3n de la misma. Un ejemplo ser\u00eda la prevenci\u00f3n de los trastornos de conducta en los<br>pacientes con demencia.<\/p>\n\n\n\n<p> <\/p>\n\n\n\n<h3 class=\"wp-block-heading\">Envejecimiento activo y saludable<\/h3>\n\n\n\n<p>Pero el concepto de vejez exitosa incluye tres componentes principales: baja probabilidad de padecer enfermedad y discapacidad, elevada capacidad funcional, f\u00edsica y cognitiva y mantenimiento de una vida activa en la sociedad. Esto implica sobre todo mantener buenas relaciones interpersonales y actividades productivas<\/p>\n\n\n\n<p>C\u00f3mo cl\u00ednica del adulto mayor deseamos seguir acompa\u00f1\u00e1ndote hacia una vejez activa y saludable. Para mayor informaci\u00f3n de servicios de la cl\u00ednica del adulto mayor para tus seres queridos. Recuerda que puedes contactarnos por medio de nuestras redes sociales (<a href=\"https:\/\/www.facebook.com\/geriatraSV\">(Facebook,<\/a>,&nbsp;<a href=\"https:\/\/www.instagram.com\/geriatra.sv\/\">Instagram<\/a>&nbsp;and&nbsp;<a href=\"https:\/\/wa.me\/message\/XBV7L4YD3EX2H1\">WhatsApp)<\/a>and email. Senior Citizen Clinic, accompanying you towards an active and healthy old age.<\/p>\n\n\n\n<p><\/p>","protected":false},"excerpt":{"rendered":"<p>Aumentar los a\u00f1os de vida libres de incapacidad es uno de los principales objetivos de la geriatr\u00eda. Perohay algunas connotaciones en el debate abierto de la dependencia a tener en cuenta, como por ejemplo:\u2014 Mostrar la dependencia en el anciano como una consecuencia inevitable del envejecimiento.\u2014 Insistir mucho en su atenci\u00f3n y poco en su [&hellip;]<\/p>\n","protected":false},"author":2,"featured_media":484,"comment_status":"open","ping_status":"open","sticky":false,"template":"","format":"standard","meta":{"pagelayer_contact_templates":[],"_pagelayer_content":"","footnotes":""},"categories":[6,16,10],"tags":[34,53,30,33,42,43,51,40,45,50,44,52],"class_list":["post-476","post","type-post","status-publish","format-standard","has-post-thumbnail","hentry","category-cuidado-del-adulto-mayor","category-prevencion","category-recomendaciones-para-el-adulto-mayor","tag-asistencia-geriatrica-el-salvador","tag-consulta-domiciliaria-en-san-salvador","tag-consulta-medica-en-el-salvador-2","tag-cuidado-del-adulto-mayor-el-salvador","tag-geriatra-el-salvador","tag-geriatra-en-san-salvador","tag-geriatria-en-el-salvador","tag-gerontologo-el-salvador","tag-medico-geriatra-el-salvador","tag-prevencion-de-enfermedades-en-el-salvador","tag-tratamiento-de-enfermedades-cronicas-el-salvador","tag-tratamiento-de-enfermedades-san-salvador"],"yoast_head":"<!-- This site is optimized with the Yoast SEO plugin v27.4 - https:\/\/yoast.com\/product\/yoast-seo-wordpress\/ -->\n<title>Prevenci\u00f3n de enfermedades, la discapacidad y la dependencia | Cl\u00ednica del adulto mayor<\/title>\n<meta name=\"description\" content=\"Ent\u00e9rate de que puedes hacer para evitar la dependencia a medida que te haces mayor, y as\u00ed tener una mejor calidad de vida.\" \/>\n<meta name=\"robots\" content=\"index, follow, max-snippet:-1, max-image-preview:large, max-video-preview:-1\" \/>\n<link rel=\"canonical\" href=\"https:\/\/clinicadeladultomayor.com\/en\/prevencion-de-enfermedades-la-discapacidad-y-la-dependencia\/\" \/>\n<meta property=\"og:locale\" content=\"en_US\" \/>\n<meta property=\"og:type\" content=\"article\" \/>\n<meta property=\"og:title\" content=\"Prevenci\u00f3n de enfermedades, la discapacidad y la dependencia | Cl\u00ednica del adulto mayor\" \/>\n<meta property=\"og:description\" content=\"Ent\u00e9rate de que puedes hacer para evitar la dependencia a medida que te haces mayor, y as\u00ed tener una mejor calidad de vida.\" \/>\n<meta property=\"og:url\" content=\"https:\/\/clinicadeladultomayor.com\/en\/prevencion-de-enfermedades-la-discapacidad-y-la-dependencia\/\" \/>\n<meta property=\"og:site_name\" content=\"Cl\u00ednica del adulto mayor\" \/>\n<meta property=\"article:published_time\" content=\"2022-06-27T04:02:32+00:00\" \/>\n<meta property=\"article:modified_time\" content=\"2022-08-30T14:20:18+00:00\" \/>\n<meta property=\"og:image\" content=\"https:\/\/clinicadeladultomayor.com\/wp-content\/uploads\/2022\/06\/web-blog-2.png\" \/>\n\t<meta property=\"og:image:width\" content=\"1280\" \/>\n\t<meta property=\"og:image:height\" content=\"720\" \/>\n\t<meta property=\"og:image:type\" content=\"image\/png\" \/>\n<meta name=\"author\" content=\"Yolanda Estrada\" \/>\n<meta name=\"twitter:card\" content=\"summary_large_image\" \/>\n<meta name=\"twitter:label1\" content=\"Written by\" \/>\n\t<meta name=\"twitter:data1\" content=\"Yolanda Estrada\" \/>\n\t<meta name=\"twitter:label2\" content=\"Est. reading time\" \/>\n\t<meta name=\"twitter:data2\" content=\"4 minutes\" \/>\n<script type=\"application\/ld+json\" class=\"yoast-schema-graph\">{\"@context\":\"https:\\\/\\\/schema.org\",\"@graph\":[{\"@type\":\"Article\",\"@id\":\"https:\\\/\\\/clinicadeladultomayor.com\\\/prevencion-de-enfermedades-la-discapacidad-y-la-dependencia\\\/#article\",\"isPartOf\":{\"@id\":\"https:\\\/\\\/clinicadeladultomayor.com\\\/prevencion-de-enfermedades-la-discapacidad-y-la-dependencia\\\/\"},\"author\":{\"name\":\"Yolanda Estrada\",\"@id\":\"https:\\\/\\\/clinicadeladultomayor.com\\\/#\\\/schema\\\/person\\\/057f90718f1cd70a500f80ef1b128857\"},\"headline\":\"Prevenci\u00f3n de enfermedades, la discapacidad y la dependencia\",\"datePublished\":\"2022-06-27T04:02:32+00:00\",\"dateModified\":\"2022-08-30T14:20:18+00:00\",\"mainEntityOfPage\":{\"@id\":\"https:\\\/\\\/clinicadeladultomayor.com\\\/prevencion-de-enfermedades-la-discapacidad-y-la-dependencia\\\/\"},\"wordCount\":810,\"commentCount\":0,\"publisher\":{\"@id\":\"https:\\\/\\\/clinicadeladultomayor.com\\\/#organization\"},\"image\":{\"@id\":\"https:\\\/\\\/clinicadeladultomayor.com\\\/prevencion-de-enfermedades-la-discapacidad-y-la-dependencia\\\/#primaryimage\"},\"thumbnailUrl\":\"https:\\\/\\\/clinicadeladultomayor.com\\\/wp-content\\\/uploads\\\/2022\\\/06\\\/web-blog-2.png\",\"keywords\":[\"Asistencia geri\u00e1trica El Salvador\",\"Consulta domiciliaria en San Salvador\",\"consulta m\u00e9dica en El Salvador\",\"cuidado del adulto mayor El salvador\",\"Geriatra El Salvador\",\"Geriatra en San Salvador\",\"Geriatr\u00eda en El Salvador\",\"Geront\u00f3logo El Salvador\",\"M\u00e9dico geriatra El salvador\",\"Prevenci\u00f3n de enfermedades en el Salvador\",\"Tratamiento de enfermedades cr\u00f3nicas El Salvador\",\"Tratamiento de enfermedades San Salvador\"],\"articleSection\":[\"Cuidado del adulto mayor\",\"Prevenci\u00f3n\",\"Recomendaciones para el adulto mayor\"],\"inLanguage\":\"en-US\",\"potentialAction\":[{\"@type\":\"CommentAction\",\"name\":\"Comment\",\"target\":[\"https:\\\/\\\/clinicadeladultomayor.com\\\/prevencion-de-enfermedades-la-discapacidad-y-la-dependencia\\\/#respond\"]}]},{\"@type\":\"WebPage\",\"@id\":\"https:\\\/\\\/clinicadeladultomayor.com\\\/prevencion-de-enfermedades-la-discapacidad-y-la-dependencia\\\/\",\"url\":\"https:\\\/\\\/clinicadeladultomayor.com\\\/prevencion-de-enfermedades-la-discapacidad-y-la-dependencia\\\/\",\"name\":\"Prevenci\u00f3n de enfermedades, la discapacidad y la dependencia | Cl\u00ednica del adulto mayor\",\"isPartOf\":{\"@id\":\"https:\\\/\\\/clinicadeladultomayor.com\\\/#website\"},\"primaryImageOfPage\":{\"@id\":\"https:\\\/\\\/clinicadeladultomayor.com\\\/prevencion-de-enfermedades-la-discapacidad-y-la-dependencia\\\/#primaryimage\"},\"image\":{\"@id\":\"https:\\\/\\\/clinicadeladultomayor.com\\\/prevencion-de-enfermedades-la-discapacidad-y-la-dependencia\\\/#primaryimage\"},\"thumbnailUrl\":\"https:\\\/\\\/clinicadeladultomayor.com\\\/wp-content\\\/uploads\\\/2022\\\/06\\\/web-blog-2.png\",\"datePublished\":\"2022-06-27T04:02:32+00:00\",\"dateModified\":\"2022-08-30T14:20:18+00:00\",\"description\":\"Ent\u00e9rate de que puedes hacer para evitar la dependencia a medida que te haces mayor, y as\u00ed tener una mejor calidad de vida.\",\"breadcrumb\":{\"@id\":\"https:\\\/\\\/clinicadeladultomayor.com\\\/prevencion-de-enfermedades-la-discapacidad-y-la-dependencia\\\/#breadcrumb\"},\"inLanguage\":\"en-US\",\"potentialAction\":[{\"@type\":\"ReadAction\",\"target\":[\"https:\\\/\\\/clinicadeladultomayor.com\\\/prevencion-de-enfermedades-la-discapacidad-y-la-dependencia\\\/\"]}]},{\"@type\":\"ImageObject\",\"inLanguage\":\"en-US\",\"@id\":\"https:\\\/\\\/clinicadeladultomayor.com\\\/prevencion-de-enfermedades-la-discapacidad-y-la-dependencia\\\/#primaryimage\",\"url\":\"https:\\\/\\\/clinicadeladultomayor.com\\\/wp-content\\\/uploads\\\/2022\\\/06\\\/web-blog-2.png\",\"contentUrl\":\"https:\\\/\\\/clinicadeladultomayor.com\\\/wp-content\\\/uploads\\\/2022\\\/06\\\/web-blog-2.png\",\"width\":1280,\"height\":720,\"caption\":\"prevenci\u00f3n, dependencia, miedo, soluci\u00f3n\"},{\"@type\":\"BreadcrumbList\",\"@id\":\"https:\\\/\\\/clinicadeladultomayor.com\\\/prevencion-de-enfermedades-la-discapacidad-y-la-dependencia\\\/#breadcrumb\",\"itemListElement\":[{\"@type\":\"ListItem\",\"position\":1,\"name\":\"Portada\",\"item\":\"https:\\\/\\\/clinicadeladultomayor.com\\\/\"},{\"@type\":\"ListItem\",\"position\":2,\"name\":\"Prevenci\u00f3n de enfermedades, la discapacidad y la dependencia\"}]},{\"@type\":\"WebSite\",\"@id\":\"https:\\\/\\\/clinicadeladultomayor.com\\\/#website\",\"url\":\"https:\\\/\\\/clinicadeladultomayor.com\\\/\",\"name\":\"Cl\u00ednica del adulto mayor\",\"description\":\"Clinica geriatrica especializada en la atenci\u00f3n del adulto mayor en El Salvador. Acompa\u00f1andote hacia una vejez activa y saludable.\",\"publisher\":{\"@id\":\"https:\\\/\\\/clinicadeladultomayor.com\\\/#organization\"},\"potentialAction\":[{\"@type\":\"SearchAction\",\"target\":{\"@type\":\"EntryPoint\",\"urlTemplate\":\"https:\\\/\\\/clinicadeladultomayor.com\\\/?s={search_term_string}\"},\"query-input\":{\"@type\":\"PropertyValueSpecification\",\"valueRequired\":true,\"valueName\":\"search_term_string\"}}],\"inLanguage\":\"en-US\"},{\"@type\":\"Organization\",\"@id\":\"https:\\\/\\\/clinicadeladultomayor.com\\\/#organization\",\"name\":\"Cl\u00ednica del adulto mayor\",\"url\":\"https:\\\/\\\/clinicadeladultomayor.com\\\/\",\"logo\":{\"@type\":\"ImageObject\",\"inLanguage\":\"en-US\",\"@id\":\"https:\\\/\\\/clinicadeladultomayor.com\\\/#\\\/schema\\\/logo\\\/image\\\/\",\"url\":\"https:\\\/\\\/clinicadeladultomayor.com\\\/wp-content\\\/uploads\\\/2022\\\/05\\\/LOGO-CLINICA-DEL-ADULTO-MAYOR-LETRAS-TURQUESAS.png\",\"contentUrl\":\"https:\\\/\\\/clinicadeladultomayor.com\\\/wp-content\\\/uploads\\\/2022\\\/05\\\/LOGO-CLINICA-DEL-ADULTO-MAYOR-LETRAS-TURQUESAS.png\",\"width\":1200,\"height\":1200,\"caption\":\"Cl\u00ednica del adulto mayor\"},\"image\":{\"@id\":\"https:\\\/\\\/clinicadeladultomayor.com\\\/#\\\/schema\\\/logo\\\/image\\\/\"}},{\"@type\":\"Person\",\"@id\":\"https:\\\/\\\/clinicadeladultomayor.com\\\/#\\\/schema\\\/person\\\/057f90718f1cd70a500f80ef1b128857\",\"name\":\"Yolanda Estrada\",\"image\":{\"@type\":\"ImageObject\",\"inLanguage\":\"en-US\",\"@id\":\"https:\\\/\\\/secure.gravatar.com\\\/avatar\\\/5dcd0d480ae645caa5bcc658b29547a11f88dc9b78be4586b5d57fc1a949d94f?s=96&d=mm&r=g\",\"url\":\"https:\\\/\\\/secure.gravatar.com\\\/avatar\\\/5dcd0d480ae645caa5bcc658b29547a11f88dc9b78be4586b5d57fc1a949d94f?s=96&d=mm&r=g\",\"contentUrl\":\"https:\\\/\\\/secure.gravatar.com\\\/avatar\\\/5dcd0d480ae645caa5bcc658b29547a11f88dc9b78be4586b5d57fc1a949d94f?s=96&d=mm&r=g\",\"caption\":\"Yolanda Estrada\"},\"url\":\"https:\\\/\\\/clinicadeladultomayor.com\\\/en\\\/author\\\/yolanda-estrada\\\/\"}]}<\/script>\n<!-- \/ Yoast SEO plugin. -->","yoast_head_json":{"title":"Prevenci\u00f3n de enfermedades, la discapacidad y la dependencia | Cl\u00ednica del adulto mayor","description":"Ent\u00e9rate de que puedes hacer para evitar la dependencia a medida que te haces mayor, y as\u00ed tener una mejor calidad de vida.","robots":{"index":"index","follow":"follow","max-snippet":"max-snippet:-1","max-image-preview":"max-image-preview:large","max-video-preview":"max-video-preview:-1"},"canonical":"https:\/\/clinicadeladultomayor.com\/en\/prevencion-de-enfermedades-la-discapacidad-y-la-dependencia\/","og_locale":"en_US","og_type":"article","og_title":"Prevenci\u00f3n de enfermedades, la discapacidad y la dependencia | Cl\u00ednica del adulto mayor","og_description":"Ent\u00e9rate de que puedes hacer para evitar la dependencia a medida que te haces mayor, y as\u00ed tener una mejor calidad de vida.","og_url":"https:\/\/clinicadeladultomayor.com\/en\/prevencion-de-enfermedades-la-discapacidad-y-la-dependencia\/","og_site_name":"Cl\u00ednica del adulto mayor","article_published_time":"2022-06-27T04:02:32+00:00","article_modified_time":"2022-08-30T14:20:18+00:00","og_image":[{"width":1280,"height":720,"url":"https:\/\/clinicadeladultomayor.com\/wp-content\/uploads\/2022\/06\/web-blog-2.png","type":"image\/png"}],"author":"Yolanda Estrada","twitter_card":"summary_large_image","twitter_misc":{"Written by":"Yolanda Estrada","Est. reading time":"4 minutes"},"schema":{"@context":"https:\/\/schema.org","@graph":[{"@type":"Article","@id":"https:\/\/clinicadeladultomayor.com\/prevencion-de-enfermedades-la-discapacidad-y-la-dependencia\/#article","isPartOf":{"@id":"https:\/\/clinicadeladultomayor.com\/prevencion-de-enfermedades-la-discapacidad-y-la-dependencia\/"},"author":{"name":"Yolanda Estrada","@id":"https:\/\/clinicadeladultomayor.com\/#\/schema\/person\/057f90718f1cd70a500f80ef1b128857"},"headline":"Prevenci\u00f3n de enfermedades, la discapacidad y la dependencia","datePublished":"2022-06-27T04:02:32+00:00","dateModified":"2022-08-30T14:20:18+00:00","mainEntityOfPage":{"@id":"https:\/\/clinicadeladultomayor.com\/prevencion-de-enfermedades-la-discapacidad-y-la-dependencia\/"},"wordCount":810,"commentCount":0,"publisher":{"@id":"https:\/\/clinicadeladultomayor.com\/#organization"},"image":{"@id":"https:\/\/clinicadeladultomayor.com\/prevencion-de-enfermedades-la-discapacidad-y-la-dependencia\/#primaryimage"},"thumbnailUrl":"https:\/\/clinicadeladultomayor.com\/wp-content\/uploads\/2022\/06\/web-blog-2.png","keywords":["Asistencia geri\u00e1trica El Salvador","Consulta domiciliaria en San Salvador","consulta m\u00e9dica en El Salvador","cuidado del adulto mayor El salvador","Geriatra El Salvador","Geriatra en San Salvador","Geriatr\u00eda en El Salvador","Geront\u00f3logo El Salvador","M\u00e9dico geriatra El salvador","Prevenci\u00f3n de enfermedades en el Salvador","Tratamiento de enfermedades cr\u00f3nicas El Salvador","Tratamiento de enfermedades San Salvador"],"articleSection":["Cuidado del adulto mayor","Prevenci\u00f3n","Recomendaciones para el adulto mayor"],"inLanguage":"en-US","potentialAction":[{"@type":"CommentAction","name":"Comment","target":["https:\/\/clinicadeladultomayor.com\/prevencion-de-enfermedades-la-discapacidad-y-la-dependencia\/#respond"]}]},{"@type":"WebPage","@id":"https:\/\/clinicadeladultomayor.com\/prevencion-de-enfermedades-la-discapacidad-y-la-dependencia\/","url":"https:\/\/clinicadeladultomayor.com\/prevencion-de-enfermedades-la-discapacidad-y-la-dependencia\/","name":"Prevenci\u00f3n de enfermedades, la discapacidad y la dependencia | Cl\u00ednica del adulto mayor","isPartOf":{"@id":"https:\/\/clinicadeladultomayor.com\/#website"},"primaryImageOfPage":{"@id":"https:\/\/clinicadeladultomayor.com\/prevencion-de-enfermedades-la-discapacidad-y-la-dependencia\/#primaryimage"},"image":{"@id":"https:\/\/clinicadeladultomayor.com\/prevencion-de-enfermedades-la-discapacidad-y-la-dependencia\/#primaryimage"},"thumbnailUrl":"https:\/\/clinicadeladultomayor.com\/wp-content\/uploads\/2022\/06\/web-blog-2.png","datePublished":"2022-06-27T04:02:32+00:00","dateModified":"2022-08-30T14:20:18+00:00","description":"Ent\u00e9rate de que puedes hacer para evitar la dependencia a medida que te haces mayor, y as\u00ed tener una mejor calidad de vida.","breadcrumb":{"@id":"https:\/\/clinicadeladultomayor.com\/prevencion-de-enfermedades-la-discapacidad-y-la-dependencia\/#breadcrumb"},"inLanguage":"en-US","potentialAction":[{"@type":"ReadAction","target":["https:\/\/clinicadeladultomayor.com\/prevencion-de-enfermedades-la-discapacidad-y-la-dependencia\/"]}]},{"@type":"ImageObject","inLanguage":"en-US","@id":"https:\/\/clinicadeladultomayor.com\/prevencion-de-enfermedades-la-discapacidad-y-la-dependencia\/#primaryimage","url":"https:\/\/clinicadeladultomayor.com\/wp-content\/uploads\/2022\/06\/web-blog-2.png","contentUrl":"https:\/\/clinicadeladultomayor.com\/wp-content\/uploads\/2022\/06\/web-blog-2.png","width":1280,"height":720,"caption":"prevenci\u00f3n, dependencia, miedo, soluci\u00f3n"},{"@type":"BreadcrumbList","@id":"https:\/\/clinicadeladultomayor.com\/prevencion-de-enfermedades-la-discapacidad-y-la-dependencia\/#breadcrumb","itemListElement":[{"@type":"ListItem","position":1,"name":"Portada","item":"https:\/\/clinicadeladultomayor.com\/"},{"@type":"ListItem","position":2,"name":"Prevenci\u00f3n de enfermedades, la discapacidad y la dependencia"}]},{"@type":"WebSite","@id":"https:\/\/clinicadeladultomayor.com\/#website","url":"https:\/\/clinicadeladultomayor.com\/","name":"Cl\u00ednica del adulto mayor","description":"Clinica geriatrica especializada en la atenci\u00f3n del adulto mayor en El Salvador. Acompa\u00f1andote hacia una vejez activa y saludable.","publisher":{"@id":"https:\/\/clinicadeladultomayor.com\/#organization"},"potentialAction":[{"@type":"SearchAction","target":{"@type":"EntryPoint","urlTemplate":"https:\/\/clinicadeladultomayor.com\/?s={search_term_string}"},"query-input":{"@type":"PropertyValueSpecification","valueRequired":true,"valueName":"search_term_string"}}],"inLanguage":"en-US"},{"@type":"Organization","@id":"https:\/\/clinicadeladultomayor.com\/#organization","name":"Cl\u00ednica del adulto mayor","url":"https:\/\/clinicadeladultomayor.com\/","logo":{"@type":"ImageObject","inLanguage":"en-US","@id":"https:\/\/clinicadeladultomayor.com\/#\/schema\/logo\/image\/","url":"https:\/\/clinicadeladultomayor.com\/wp-content\/uploads\/2022\/05\/LOGO-CLINICA-DEL-ADULTO-MAYOR-LETRAS-TURQUESAS.png","contentUrl":"https:\/\/clinicadeladultomayor.com\/wp-content\/uploads\/2022\/05\/LOGO-CLINICA-DEL-ADULTO-MAYOR-LETRAS-TURQUESAS.png","width":1200,"height":1200,"caption":"Cl\u00ednica del adulto mayor"},"image":{"@id":"https:\/\/clinicadeladultomayor.com\/#\/schema\/logo\/image\/"}},{"@type":"Person","@id":"https:\/\/clinicadeladultomayor.com\/#\/schema\/person\/057f90718f1cd70a500f80ef1b128857","name":"Yolanda Estrada","image":{"@type":"ImageObject","inLanguage":"en-US","@id":"https:\/\/secure.gravatar.com\/avatar\/5dcd0d480ae645caa5bcc658b29547a11f88dc9b78be4586b5d57fc1a949d94f?s=96&d=mm&r=g","url":"https:\/\/secure.gravatar.com\/avatar\/5dcd0d480ae645caa5bcc658b29547a11f88dc9b78be4586b5d57fc1a949d94f?s=96&d=mm&r=g","contentUrl":"https:\/\/secure.gravatar.com\/avatar\/5dcd0d480ae645caa5bcc658b29547a11f88dc9b78be4586b5d57fc1a949d94f?s=96&d=mm&r=g","caption":"Yolanda Estrada"},"url":"https:\/\/clinicadeladultomayor.com\/en\/author\/yolanda-estrada\/"}]}},"_links":{"self":[{"href":"https:\/\/clinicadeladultomayor.com\/en\/wp-json\/wp\/v2\/posts\/476","targetHints":{"allow":["GET"]}}],"collection":[{"href":"https:\/\/clinicadeladultomayor.com\/en\/wp-json\/wp\/v2\/posts"}],"about":[{"href":"https:\/\/clinicadeladultomayor.com\/en\/wp-json\/wp\/v2\/types\/post"}],"author":[{"embeddable":true,"href":"https:\/\/clinicadeladultomayor.com\/en\/wp-json\/wp\/v2\/users\/2"}],"replies":[{"embeddable":true,"href":"https:\/\/clinicadeladultomayor.com\/en\/wp-json\/wp\/v2\/comments?post=476"}],"version-history":[{"count":3,"href":"https:\/\/clinicadeladultomayor.com\/en\/wp-json\/wp\/v2\/posts\/476\/revisions"}],"predecessor-version":[{"id":627,"href":"https:\/\/clinicadeladultomayor.com\/en\/wp-json\/wp\/v2\/posts\/476\/revisions\/627"}],"wp:featuredmedia":[{"embeddable":true,"href":"https:\/\/clinicadeladultomayor.com\/en\/wp-json\/wp\/v2\/media\/484"}],"wp:attachment":[{"href":"https:\/\/clinicadeladultomayor.com\/en\/wp-json\/wp\/v2\/media?parent=476"}],"wp:term":[{"taxonomy":"category","embeddable":true,"href":"https:\/\/clinicadeladultomayor.com\/en\/wp-json\/wp\/v2\/categories?post=476"},{"taxonomy":"post_tag","embeddable":true,"href":"https:\/\/clinicadeladultomayor.com\/en\/wp-json\/wp\/v2\/tags?post=476"}],"curies":[{"name":"wp","href":"https:\/\/api.w.org\/{rel}","templated":true}]}}