{"id":490,"date":"2022-06-27T18:24:07","date_gmt":"2022-06-27T18:24:07","guid":{"rendered":"https:\/\/clinicadeladultomayor.com\/?p=490"},"modified":"2022-06-30T18:30:26","modified_gmt":"2022-06-30T18:30:26","slug":"cuidados-del-adulto-mayor-en-tiempos-de-covid-19","status":"publish","type":"post","link":"https:\/\/clinicadeladultomayor.com\/en\/cuidados-del-adulto-mayor-en-tiempos-de-covid-19\/","title":{"rendered":"Cuidados del adulto mayor en tiempos de COVID-19"},"content":{"rendered":"<p>La pandemia del COVID-19 ha afectado de gran manera a la poblaci\u00f3n adulta mayor. Las personas mayores de 60 a\u00f1os son consideradas las m\u00e1s vulnerables frente al coronavirus (COVID-19), sobre todo aquellas que sufren enfermedades cr\u00f3nicas (diabetes, hipertensi\u00f3n arterial, c\u00e1ncer, enfermedades cardiovasculares, entre otras). Es por ello que se deben tomar las medidas para evitar la enfermedad.<\/p>\n\n\n\n<h3 class=\"wp-block-heading\">La pandemia de la COVID-19 ha:<\/h3>\n\n\n\n<ul class=\"wp-block-list\"><li>resaltado las necesidades y las vulnerabilidades que tienen las personas mayores con respecto a su derecho a la salud;<\/li><li>evidenciado las tasas de mortalidad m\u00e1s altas en personas mayores con comorbilidades y con deterioro funcional; y<\/li><li>expuesto la fragilidad de los sistemas de salud para apoyar a los adultos mayores y considerar sus necesidades \u00fanicas, entre otras.<\/li><\/ul>\n\n\n\n<p>Es por ello que como cl\u00ednica del adulto mayor deseamos ayudarte a cuidar de los tuyos, brind\u00e1ndote algunas recomendaciones para evitar el contagio:<\/p>\n\n\n\n<h2 class=\"wp-block-heading\">Evitar sitios concurridos<\/h2>\n\n\n\n<p id=\"et1rj\">Trata de que los adultos mayores de tu entorno no vayan a centros comerciales, mercados, plazas, conciertos y otros lugares donde se concentre un alto n\u00famero de personas. Es recomendable que otro familiar realice las compras de los productos de primera necesidad para evitar que se expongan a un posible contagio de COVID-19.<\/p>\n\n\n\n<h2 class=\"wp-block-heading\">Lavarse las manos y utilizar alcohol gel<\/h2>\n\n\n\n<p id=\"bjsh\">Ens\u00e9\u00f1ales que se deben lavar las manos con agua y jab\u00f3n por un m\u00ednimo de 20 segundos o usar un desinfectante a base de alcohol al 70%. Si es necesario, ay\u00fadalos. Cabe recalcar que debes lavarte las manos antes de ayudarlos para evitar contagiarlos.<\/p>\n\n\n\n<h2 class=\"wp-block-heading\">Limpia y desinfecta las superficies de la casa<\/h2>\n\n\n\n<p id=\"2mbbj\">A veces, las personas estornudan o tosen sobre sus manos y, luego, tocan distintas superficies que, por diversos motivos, el adulto mayor puede tocar (como al momento de apoyarse para caminar). Por ello, debes hacer la limpieza y desinfecci\u00f3n de tu casa de manera peri\u00f3dica y promover que se cubran con el antebrazo al toser o estornudar. Si utilizas pa\u00f1uelos desechables, elim\u00ednalos r\u00e1pidamente en un tacho cerrado. Estas medidas evitar\u00e1n ponerlos en riesgo.<\/p>\n\n\n\n<h2 class=\"wp-block-heading\">Evita la visita de personas con s\u00edntomas respiratorios o COVID-19<\/h2>\n\n\n\n<p id=\"e52pb\">Si presentas s\u00edntomas respiratorios o tienes un familiar que haya contra\u00eddo el COVID-19, es necesario evitar que tenga contacto con un adulto mayor. Recuerda que ellos son los m\u00e1s vulnerables frente a esta enfermedad.<\/p>\n\n\n\n<h2 class=\"wp-block-heading\">Vac\u00fanalos contra el neumococo<\/h2>\n\n\n\n<p id=\"2v3b5\">Si bien esta vacuna no evita el coronavirus, es conveniente vacunar al adulto mayor a partir de los 60 a\u00f1os para prevenir que contraigan otras enfermedades respiratorias agudas. Es importante acudir al establecimiento de salud m\u00e1s cercano con el DUI del adulto mayor para que verifiquen que no haya sido vacunado anteriormente.<\/p>\n\n\n\n<p id=\"eh6re\">La vacuna del Neumococo se aplica una sola vez en la vida.<\/p>\n\n\n\n<h2 class=\"wp-block-heading\" id=\"6q7dv\">Vac\u00fanalos con todas las dosis contra el COVID-19<\/h2>\n\n\n\n<p>En nuestro pa\u00eds, El Salvador, est\u00e1n disponibles cuatro dosis de la vacuna, para mayor protecci\u00f3n aseg\u00farate de coloc\u00e1rtelas y hacer que tu familiar adulto mayor se coloque las dosis en el momento que le corresponda. Si tienes s\u00edntomas, acude a una unidad de salud inmediatamente, o llama al 132.<\/p>\n\n\n\n<p>Remember that as a senior clinic we specialize in medical care for older adults. For more \ninformation about our services for your loved ones. Remember you can contact us through our \nsocial networks.<a href=\"https:\/\/www.facebook.com\/geriatraSV\">(Facebook,<\/a>,&nbsp;<a href=\"https:\/\/www.instagram.com\/geriatra.sv\/\">Instagram<\/a>&nbsp;and&nbsp;<a href=\"https:\/\/wa.me\/message\/XBV7L4YD3EX2H1\">WhatsApp)<\/a>and email. Or schedule your appointment \nhere. Senior Citizen Clinic, accompanying you towards an active and healthy old age.&nbsp;<a href=\"https:\/\/clinicadeladultomayor.com\/index.php\/agendar-cita\/\" target=\"_blank\" rel=\"noreferrer noopener\">here<\/a>Senior Citizen \nClinic, accompanying you towards an active and healthy old age.<\/p>","protected":false},"excerpt":{"rendered":"<p>La pandemia del COVID-19 ha afectado de gran manera a la poblaci\u00f3n adulta mayor. Las personas mayores de 60 a\u00f1os son consideradas las m\u00e1s vulnerables frente al coronavirus (COVID-19), sobre todo aquellas que sufren enfermedades cr\u00f3nicas (diabetes, hipertensi\u00f3n arterial, c\u00e1ncer, enfermedades cardiovasculares, entre otras). Es por ello que se deben tomar las medidas para evitar [&hellip;]<\/p>\n","protected":false},"author":2,"featured_media":491,"comment_status":"open","ping_status":"open","sticky":false,"template":"","format":"standard","meta":{"pagelayer_contact_templates":[],"_pagelayer_content":"","footnotes":""},"categories":[6,16,10],"tags":[56,34,30,55,31,33,42,43,45,20,52],"class_list":["post-490","post","type-post","status-publish","format-standard","has-post-thumbnail","hentry","category-cuidado-del-adulto-mayor","category-prevencion","category-recomendaciones-para-el-adulto-mayor","tag-adultos-mayores-el-salvador","tag-asistencia-geriatrica-el-salvador","tag-consulta-medica-en-el-salvador-2","tag-coronavirus-el-salvador","tag-covid-19","tag-cuidado-del-adulto-mayor-el-salvador","tag-geriatra-el-salvador","tag-geriatra-en-san-salvador","tag-medico-geriatra-el-salvador","tag-prevencion","tag-tratamiento-de-enfermedades-san-salvador"],"yoast_head":"<!-- This site is optimized with the Yoast SEO plugin v27.4 - https:\/\/yoast.com\/product\/yoast-seo-wordpress\/ -->\n<title>Cuidados del adulto mayor en tiempos de COVID-19 | Cl\u00ednica del adulto mayor<\/title>\n<meta name=\"description\" content=\"Los tiempos del COVID-19 a\u00fan no han terminado, es importante seguir guardando las medidas de protecci\u00f3n, en este art\u00edculo te las compartimos.\" \/>\n<meta name=\"robots\" content=\"index, follow, max-snippet:-1, max-image-preview:large, max-video-preview:-1\" \/>\n<link rel=\"canonical\" href=\"https:\/\/clinicadeladultomayor.com\/en\/cuidados-del-adulto-mayor-en-tiempos-de-covid-19\/\" \/>\n<meta property=\"og:locale\" content=\"en_US\" \/>\n<meta property=\"og:type\" content=\"article\" \/>\n<meta property=\"og:title\" content=\"Cuidados del adulto mayor en tiempos de COVID-19 | Cl\u00ednica del adulto mayor\" \/>\n<meta property=\"og:description\" content=\"Los tiempos del COVID-19 a\u00fan no han terminado, es importante seguir guardando las medidas de protecci\u00f3n, en este art\u00edculo te las compartimos.\" \/>\n<meta property=\"og:url\" content=\"https:\/\/clinicadeladultomayor.com\/en\/cuidados-del-adulto-mayor-en-tiempos-de-covid-19\/\" \/>\n<meta property=\"og:site_name\" content=\"Cl\u00ednica del adulto mayor\" \/>\n<meta property=\"article:published_time\" content=\"2022-06-27T18:24:07+00:00\" \/>\n<meta property=\"article:modified_time\" content=\"2022-06-30T18:30:26+00:00\" \/>\n<meta property=\"og:image\" content=\"https:\/\/clinicadeladultomayor.com\/wp-content\/uploads\/2022\/06\/web-blog-4.png\" \/>\n\t<meta property=\"og:image:width\" content=\"1280\" \/>\n\t<meta property=\"og:image:height\" content=\"720\" \/>\n\t<meta property=\"og:image:type\" content=\"image\/png\" \/>\n<meta name=\"author\" content=\"Yolanda Estrada\" \/>\n<meta name=\"twitter:card\" content=\"summary_large_image\" \/>\n<meta name=\"twitter:label1\" content=\"Written by\" \/>\n\t<meta name=\"twitter:data1\" content=\"Yolanda Estrada\" \/>\n\t<meta name=\"twitter:label2\" content=\"Est. reading time\" \/>\n\t<meta name=\"twitter:data2\" content=\"3 minutes\" \/>\n<script type=\"application\/ld+json\" class=\"yoast-schema-graph\">{\"@context\":\"https:\\\/\\\/schema.org\",\"@graph\":[{\"@type\":\"Article\",\"@id\":\"https:\\\/\\\/clinicadeladultomayor.com\\\/cuidados-del-adulto-mayor-en-tiempos-de-covid-19\\\/#article\",\"isPartOf\":{\"@id\":\"https:\\\/\\\/clinicadeladultomayor.com\\\/cuidados-del-adulto-mayor-en-tiempos-de-covid-19\\\/\"},\"author\":{\"name\":\"Yolanda Estrada\",\"@id\":\"https:\\\/\\\/clinicadeladultomayor.com\\\/#\\\/schema\\\/person\\\/057f90718f1cd70a500f80ef1b128857\"},\"headline\":\"Cuidados del adulto mayor en tiempos de COVID-19\",\"datePublished\":\"2022-06-27T18:24:07+00:00\",\"dateModified\":\"2022-06-30T18:30:26+00:00\",\"mainEntityOfPage\":{\"@id\":\"https:\\\/\\\/clinicadeladultomayor.com\\\/cuidados-del-adulto-mayor-en-tiempos-de-covid-19\\\/\"},\"wordCount\":607,\"commentCount\":0,\"publisher\":{\"@id\":\"https:\\\/\\\/clinicadeladultomayor.com\\\/#organization\"},\"image\":{\"@id\":\"https:\\\/\\\/clinicadeladultomayor.com\\\/cuidados-del-adulto-mayor-en-tiempos-de-covid-19\\\/#primaryimage\"},\"thumbnailUrl\":\"https:\\\/\\\/clinicadeladultomayor.com\\\/wp-content\\\/uploads\\\/2022\\\/06\\\/web-blog-4.png\",\"keywords\":[\"Adultos mayores El salvador\",\"Asistencia geri\u00e1trica El Salvador\",\"consulta m\u00e9dica en El Salvador\",\"Coronavirus El Salvador\",\"COVID-19\",\"cuidado del adulto mayor El salvador\",\"Geriatra El Salvador\",\"Geriatra en San Salvador\",\"M\u00e9dico geriatra El salvador\",\"Prevenci\u00f3n\",\"Tratamiento de enfermedades San Salvador\"],\"articleSection\":[\"Cuidado del adulto mayor\",\"Prevenci\u00f3n\",\"Recomendaciones para el adulto mayor\"],\"inLanguage\":\"en-US\",\"potentialAction\":[{\"@type\":\"CommentAction\",\"name\":\"Comment\",\"target\":[\"https:\\\/\\\/clinicadeladultomayor.com\\\/cuidados-del-adulto-mayor-en-tiempos-de-covid-19\\\/#respond\"]}]},{\"@type\":\"WebPage\",\"@id\":\"https:\\\/\\\/clinicadeladultomayor.com\\\/cuidados-del-adulto-mayor-en-tiempos-de-covid-19\\\/\",\"url\":\"https:\\\/\\\/clinicadeladultomayor.com\\\/cuidados-del-adulto-mayor-en-tiempos-de-covid-19\\\/\",\"name\":\"Cuidados del adulto mayor en tiempos de COVID-19 | Cl\u00ednica del adulto mayor\",\"isPartOf\":{\"@id\":\"https:\\\/\\\/clinicadeladultomayor.com\\\/#website\"},\"primaryImageOfPage\":{\"@id\":\"https:\\\/\\\/clinicadeladultomayor.com\\\/cuidados-del-adulto-mayor-en-tiempos-de-covid-19\\\/#primaryimage\"},\"image\":{\"@id\":\"https:\\\/\\\/clinicadeladultomayor.com\\\/cuidados-del-adulto-mayor-en-tiempos-de-covid-19\\\/#primaryimage\"},\"thumbnailUrl\":\"https:\\\/\\\/clinicadeladultomayor.com\\\/wp-content\\\/uploads\\\/2022\\\/06\\\/web-blog-4.png\",\"datePublished\":\"2022-06-27T18:24:07+00:00\",\"dateModified\":\"2022-06-30T18:30:26+00:00\",\"description\":\"Los tiempos del COVID-19 a\u00fan no han terminado, es importante seguir guardando las medidas de protecci\u00f3n, en este art\u00edculo te las compartimos.\",\"breadcrumb\":{\"@id\":\"https:\\\/\\\/clinicadeladultomayor.com\\\/cuidados-del-adulto-mayor-en-tiempos-de-covid-19\\\/#breadcrumb\"},\"inLanguage\":\"en-US\",\"potentialAction\":[{\"@type\":\"ReadAction\",\"target\":[\"https:\\\/\\\/clinicadeladultomayor.com\\\/cuidados-del-adulto-mayor-en-tiempos-de-covid-19\\\/\"]}]},{\"@type\":\"ImageObject\",\"inLanguage\":\"en-US\",\"@id\":\"https:\\\/\\\/clinicadeladultomayor.com\\\/cuidados-del-adulto-mayor-en-tiempos-de-covid-19\\\/#primaryimage\",\"url\":\"https:\\\/\\\/clinicadeladultomayor.com\\\/wp-content\\\/uploads\\\/2022\\\/06\\\/web-blog-4.png\",\"contentUrl\":\"https:\\\/\\\/clinicadeladultomayor.com\\\/wp-content\\\/uploads\\\/2022\\\/06\\\/web-blog-4.png\",\"width\":1280,\"height\":720,\"caption\":\"COVID-19, vacunaci\u00f3n, previencion, coronavirus\"},{\"@type\":\"BreadcrumbList\",\"@id\":\"https:\\\/\\\/clinicadeladultomayor.com\\\/cuidados-del-adulto-mayor-en-tiempos-de-covid-19\\\/#breadcrumb\",\"itemListElement\":[{\"@type\":\"ListItem\",\"position\":1,\"name\":\"Portada\",\"item\":\"https:\\\/\\\/clinicadeladultomayor.com\\\/\"},{\"@type\":\"ListItem\",\"position\":2,\"name\":\"Cuidados del adulto mayor en tiempos de COVID-19\"}]},{\"@type\":\"WebSite\",\"@id\":\"https:\\\/\\\/clinicadeladultomayor.com\\\/#website\",\"url\":\"https:\\\/\\\/clinicadeladultomayor.com\\\/\",\"name\":\"Cl\u00ednica del adulto mayor\",\"description\":\"Clinica geriatrica especializada en la atenci\u00f3n del adulto mayor en El Salvador. Acompa\u00f1andote hacia una vejez activa y saludable.\",\"publisher\":{\"@id\":\"https:\\\/\\\/clinicadeladultomayor.com\\\/#organization\"},\"potentialAction\":[{\"@type\":\"SearchAction\",\"target\":{\"@type\":\"EntryPoint\",\"urlTemplate\":\"https:\\\/\\\/clinicadeladultomayor.com\\\/?s={search_term_string}\"},\"query-input\":{\"@type\":\"PropertyValueSpecification\",\"valueRequired\":true,\"valueName\":\"search_term_string\"}}],\"inLanguage\":\"en-US\"},{\"@type\":\"Organization\",\"@id\":\"https:\\\/\\\/clinicadeladultomayor.com\\\/#organization\",\"name\":\"Cl\u00ednica del adulto mayor\",\"url\":\"https:\\\/\\\/clinicadeladultomayor.com\\\/\",\"logo\":{\"@type\":\"ImageObject\",\"inLanguage\":\"en-US\",\"@id\":\"https:\\\/\\\/clinicadeladultomayor.com\\\/#\\\/schema\\\/logo\\\/image\\\/\",\"url\":\"https:\\\/\\\/clinicadeladultomayor.com\\\/wp-content\\\/uploads\\\/2022\\\/05\\\/LOGO-CLINICA-DEL-ADULTO-MAYOR-LETRAS-TURQUESAS.png\",\"contentUrl\":\"https:\\\/\\\/clinicadeladultomayor.com\\\/wp-content\\\/uploads\\\/2022\\\/05\\\/LOGO-CLINICA-DEL-ADULTO-MAYOR-LETRAS-TURQUESAS.png\",\"width\":1200,\"height\":1200,\"caption\":\"Cl\u00ednica del adulto mayor\"},\"image\":{\"@id\":\"https:\\\/\\\/clinicadeladultomayor.com\\\/#\\\/schema\\\/logo\\\/image\\\/\"}},{\"@type\":\"Person\",\"@id\":\"https:\\\/\\\/clinicadeladultomayor.com\\\/#\\\/schema\\\/person\\\/057f90718f1cd70a500f80ef1b128857\",\"name\":\"Yolanda Estrada\",\"image\":{\"@type\":\"ImageObject\",\"inLanguage\":\"en-US\",\"@id\":\"https:\\\/\\\/secure.gravatar.com\\\/avatar\\\/5dcd0d480ae645caa5bcc658b29547a11f88dc9b78be4586b5d57fc1a949d94f?s=96&d=mm&r=g\",\"url\":\"https:\\\/\\\/secure.gravatar.com\\\/avatar\\\/5dcd0d480ae645caa5bcc658b29547a11f88dc9b78be4586b5d57fc1a949d94f?s=96&d=mm&r=g\",\"contentUrl\":\"https:\\\/\\\/secure.gravatar.com\\\/avatar\\\/5dcd0d480ae645caa5bcc658b29547a11f88dc9b78be4586b5d57fc1a949d94f?s=96&d=mm&r=g\",\"caption\":\"Yolanda Estrada\"},\"url\":\"https:\\\/\\\/clinicadeladultomayor.com\\\/en\\\/author\\\/yolanda-estrada\\\/\"}]}<\/script>\n<!-- \/ Yoast SEO plugin. -->","yoast_head_json":{"title":"Cuidados del adulto mayor en tiempos de COVID-19 | Cl\u00ednica del adulto mayor","description":"Los tiempos del COVID-19 a\u00fan no han terminado, es importante seguir guardando las medidas de protecci\u00f3n, en este art\u00edculo te las compartimos.","robots":{"index":"index","follow":"follow","max-snippet":"max-snippet:-1","max-image-preview":"max-image-preview:large","max-video-preview":"max-video-preview:-1"},"canonical":"https:\/\/clinicadeladultomayor.com\/en\/cuidados-del-adulto-mayor-en-tiempos-de-covid-19\/","og_locale":"en_US","og_type":"article","og_title":"Cuidados del adulto mayor en tiempos de COVID-19 | Cl\u00ednica del adulto mayor","og_description":"Los tiempos del COVID-19 a\u00fan no han terminado, es importante seguir guardando las medidas de protecci\u00f3n, en este art\u00edculo te las compartimos.","og_url":"https:\/\/clinicadeladultomayor.com\/en\/cuidados-del-adulto-mayor-en-tiempos-de-covid-19\/","og_site_name":"Cl\u00ednica del adulto mayor","article_published_time":"2022-06-27T18:24:07+00:00","article_modified_time":"2022-06-30T18:30:26+00:00","og_image":[{"width":1280,"height":720,"url":"https:\/\/clinicadeladultomayor.com\/wp-content\/uploads\/2022\/06\/web-blog-4.png","type":"image\/png"}],"author":"Yolanda Estrada","twitter_card":"summary_large_image","twitter_misc":{"Written by":"Yolanda Estrada","Est. reading time":"3 minutes"},"schema":{"@context":"https:\/\/schema.org","@graph":[{"@type":"Article","@id":"https:\/\/clinicadeladultomayor.com\/cuidados-del-adulto-mayor-en-tiempos-de-covid-19\/#article","isPartOf":{"@id":"https:\/\/clinicadeladultomayor.com\/cuidados-del-adulto-mayor-en-tiempos-de-covid-19\/"},"author":{"name":"Yolanda Estrada","@id":"https:\/\/clinicadeladultomayor.com\/#\/schema\/person\/057f90718f1cd70a500f80ef1b128857"},"headline":"Cuidados del adulto mayor en tiempos de COVID-19","datePublished":"2022-06-27T18:24:07+00:00","dateModified":"2022-06-30T18:30:26+00:00","mainEntityOfPage":{"@id":"https:\/\/clinicadeladultomayor.com\/cuidados-del-adulto-mayor-en-tiempos-de-covid-19\/"},"wordCount":607,"commentCount":0,"publisher":{"@id":"https:\/\/clinicadeladultomayor.com\/#organization"},"image":{"@id":"https:\/\/clinicadeladultomayor.com\/cuidados-del-adulto-mayor-en-tiempos-de-covid-19\/#primaryimage"},"thumbnailUrl":"https:\/\/clinicadeladultomayor.com\/wp-content\/uploads\/2022\/06\/web-blog-4.png","keywords":["Adultos mayores El salvador","Asistencia geri\u00e1trica El Salvador","consulta m\u00e9dica en El Salvador","Coronavirus El Salvador","COVID-19","cuidado del adulto mayor El salvador","Geriatra El Salvador","Geriatra en San Salvador","M\u00e9dico geriatra El salvador","Prevenci\u00f3n","Tratamiento de enfermedades San Salvador"],"articleSection":["Cuidado del adulto mayor","Prevenci\u00f3n","Recomendaciones para el adulto mayor"],"inLanguage":"en-US","potentialAction":[{"@type":"CommentAction","name":"Comment","target":["https:\/\/clinicadeladultomayor.com\/cuidados-del-adulto-mayor-en-tiempos-de-covid-19\/#respond"]}]},{"@type":"WebPage","@id":"https:\/\/clinicadeladultomayor.com\/cuidados-del-adulto-mayor-en-tiempos-de-covid-19\/","url":"https:\/\/clinicadeladultomayor.com\/cuidados-del-adulto-mayor-en-tiempos-de-covid-19\/","name":"Cuidados del adulto mayor en tiempos de COVID-19 | Cl\u00ednica del adulto mayor","isPartOf":{"@id":"https:\/\/clinicadeladultomayor.com\/#website"},"primaryImageOfPage":{"@id":"https:\/\/clinicadeladultomayor.com\/cuidados-del-adulto-mayor-en-tiempos-de-covid-19\/#primaryimage"},"image":{"@id":"https:\/\/clinicadeladultomayor.com\/cuidados-del-adulto-mayor-en-tiempos-de-covid-19\/#primaryimage"},"thumbnailUrl":"https:\/\/clinicadeladultomayor.com\/wp-content\/uploads\/2022\/06\/web-blog-4.png","datePublished":"2022-06-27T18:24:07+00:00","dateModified":"2022-06-30T18:30:26+00:00","description":"Los tiempos del COVID-19 a\u00fan no han terminado, es importante seguir guardando las medidas de protecci\u00f3n, en este art\u00edculo te las compartimos.","breadcrumb":{"@id":"https:\/\/clinicadeladultomayor.com\/cuidados-del-adulto-mayor-en-tiempos-de-covid-19\/#breadcrumb"},"inLanguage":"en-US","potentialAction":[{"@type":"ReadAction","target":["https:\/\/clinicadeladultomayor.com\/cuidados-del-adulto-mayor-en-tiempos-de-covid-19\/"]}]},{"@type":"ImageObject","inLanguage":"en-US","@id":"https:\/\/clinicadeladultomayor.com\/cuidados-del-adulto-mayor-en-tiempos-de-covid-19\/#primaryimage","url":"https:\/\/clinicadeladultomayor.com\/wp-content\/uploads\/2022\/06\/web-blog-4.png","contentUrl":"https:\/\/clinicadeladultomayor.com\/wp-content\/uploads\/2022\/06\/web-blog-4.png","width":1280,"height":720,"caption":"COVID-19, vacunaci\u00f3n, previencion, coronavirus"},{"@type":"BreadcrumbList","@id":"https:\/\/clinicadeladultomayor.com\/cuidados-del-adulto-mayor-en-tiempos-de-covid-19\/#breadcrumb","itemListElement":[{"@type":"ListItem","position":1,"name":"Portada","item":"https:\/\/clinicadeladultomayor.com\/"},{"@type":"ListItem","position":2,"name":"Cuidados del adulto mayor en tiempos de COVID-19"}]},{"@type":"WebSite","@id":"https:\/\/clinicadeladultomayor.com\/#website","url":"https:\/\/clinicadeladultomayor.com\/","name":"Cl\u00ednica del adulto mayor","description":"Clinica geriatrica especializada en la atenci\u00f3n del adulto mayor en El Salvador. Acompa\u00f1andote hacia una vejez activa y saludable.","publisher":{"@id":"https:\/\/clinicadeladultomayor.com\/#organization"},"potentialAction":[{"@type":"SearchAction","target":{"@type":"EntryPoint","urlTemplate":"https:\/\/clinicadeladultomayor.com\/?s={search_term_string}"},"query-input":{"@type":"PropertyValueSpecification","valueRequired":true,"valueName":"search_term_string"}}],"inLanguage":"en-US"},{"@type":"Organization","@id":"https:\/\/clinicadeladultomayor.com\/#organization","name":"Cl\u00ednica del adulto mayor","url":"https:\/\/clinicadeladultomayor.com\/","logo":{"@type":"ImageObject","inLanguage":"en-US","@id":"https:\/\/clinicadeladultomayor.com\/#\/schema\/logo\/image\/","url":"https:\/\/clinicadeladultomayor.com\/wp-content\/uploads\/2022\/05\/LOGO-CLINICA-DEL-ADULTO-MAYOR-LETRAS-TURQUESAS.png","contentUrl":"https:\/\/clinicadeladultomayor.com\/wp-content\/uploads\/2022\/05\/LOGO-CLINICA-DEL-ADULTO-MAYOR-LETRAS-TURQUESAS.png","width":1200,"height":1200,"caption":"Cl\u00ednica del adulto mayor"},"image":{"@id":"https:\/\/clinicadeladultomayor.com\/#\/schema\/logo\/image\/"}},{"@type":"Person","@id":"https:\/\/clinicadeladultomayor.com\/#\/schema\/person\/057f90718f1cd70a500f80ef1b128857","name":"Yolanda Estrada","image":{"@type":"ImageObject","inLanguage":"en-US","@id":"https:\/\/secure.gravatar.com\/avatar\/5dcd0d480ae645caa5bcc658b29547a11f88dc9b78be4586b5d57fc1a949d94f?s=96&d=mm&r=g","url":"https:\/\/secure.gravatar.com\/avatar\/5dcd0d480ae645caa5bcc658b29547a11f88dc9b78be4586b5d57fc1a949d94f?s=96&d=mm&r=g","contentUrl":"https:\/\/secure.gravatar.com\/avatar\/5dcd0d480ae645caa5bcc658b29547a11f88dc9b78be4586b5d57fc1a949d94f?s=96&d=mm&r=g","caption":"Yolanda Estrada"},"url":"https:\/\/clinicadeladultomayor.com\/en\/author\/yolanda-estrada\/"}]}},"_links":{"self":[{"href":"https:\/\/clinicadeladultomayor.com\/en\/wp-json\/wp\/v2\/posts\/490","targetHints":{"allow":["GET"]}}],"collection":[{"href":"https:\/\/clinicadeladultomayor.com\/en\/wp-json\/wp\/v2\/posts"}],"about":[{"href":"https:\/\/clinicadeladultomayor.com\/en\/wp-json\/wp\/v2\/types\/post"}],"author":[{"embeddable":true,"href":"https:\/\/clinicadeladultomayor.com\/en\/wp-json\/wp\/v2\/users\/2"}],"replies":[{"embeddable":true,"href":"https:\/\/clinicadeladultomayor.com\/en\/wp-json\/wp\/v2\/comments?post=490"}],"version-history":[{"count":2,"href":"https:\/\/clinicadeladultomayor.com\/en\/wp-json\/wp\/v2\/posts\/490\/revisions"}],"predecessor-version":[{"id":523,"href":"https:\/\/clinicadeladultomayor.com\/en\/wp-json\/wp\/v2\/posts\/490\/revisions\/523"}],"wp:featuredmedia":[{"embeddable":true,"href":"https:\/\/clinicadeladultomayor.com\/en\/wp-json\/wp\/v2\/media\/491"}],"wp:attachment":[{"href":"https:\/\/clinicadeladultomayor.com\/en\/wp-json\/wp\/v2\/media?parent=490"}],"wp:term":[{"taxonomy":"category","embeddable":true,"href":"https:\/\/clinicadeladultomayor.com\/en\/wp-json\/wp\/v2\/categories?post=490"},{"taxonomy":"post_tag","embeddable":true,"href":"https:\/\/clinicadeladultomayor.com\/en\/wp-json\/wp\/v2\/tags?post=490"}],"curies":[{"name":"wp","href":"https:\/\/api.w.org\/{rel}","templated":true}]}}