{"id":528,"date":"2022-07-13T15:59:36","date_gmt":"2022-07-13T15:59:36","guid":{"rendered":"https:\/\/clinicadeladultomayor.com\/?p=528"},"modified":"2022-07-13T15:59:38","modified_gmt":"2022-07-13T15:59:38","slug":"deterioro-cognitivo","status":"publish","type":"post","link":"https:\/\/clinicadeladultomayor.com\/en\/deterioro-cognitivo\/","title":{"rendered":"COGNITIVE IMPAIRMENT"},"content":{"rendered":"<p>Cognitive impairment and dementia constitute one of the health issues that arise in old age, thus \nbeing a geriatric syndrome. Until a few years ago, mild cognitive impairment was associated with \nthe natural aging process and was detected in advanced stages of the disease. Currently, thanks \nlargely to media coverage and in-depth study of the disease, these patients are being evaluated at \nincreasingly early stages, thereby making it possible to impact the course and the social \nenvironment of the patient and their family.<\/p>\n\n\n\n<h2 class=\"wp-block-heading\">Evaluation<\/h2>\n\n\n\n<p>To ascertain if there is indeed cognitive impairment, it is necessary to understand the cognitive \nlosses that occur in normal aging.<br>The non-pathological changes in a healthy individual include:<br>\u2014 Memory: working, episodic, and free recall memory are affected, while iconic (short-term), \nrecognition, facilitated recall, semantic, implicit, and prospective memory are preserved.<br>\u2014 Language: naming deteriorates and verbal fluency decreases, but syntax and lexicon are preserved. \nReasoning, problem-solving ability, and information processing speed decline with age. Attention is<br>\u2014 Preserved. \nGenerally, clinical evaluation is carried out due to complaints of memory loss by the patient or \ntheir family. However, it would be advisable for every elderly patient to undergo a regular brief \ncheck-up to detect cognitive impairment.<\/p>\n\n\n\n<p>Por lo general, la evaluaci\u00f3n cl\u00ednica se realiza debido a quejas de perdida de memoria por parte del paciente o la familia. No obstante, ser\u00eda conveniente que todo paciente anciano pasara regularmente un breve chequeo para detectar el deterioro cognitivo.<\/p>\n\n\n\n<h3 class=\"wp-block-heading\">Aspects of Cognitive Impairment<\/h3>\n\n\n\n<p>For diagnosis, it is important to identify different aspects of cognitive impairment, such as some of \nthe following:<br>\u2014 Difficulty in learning and retaining new information.<br>\u2014 Difficulty with complex tasks, especially planning.<br>\u2014 Reasoning ability (being resolutive in unforeseen problems).<br>\u2014 Orientation.<br>\u2014 Language (dysomias, anomas, paraphrases).<br>\u2014 Behavior<\/p>\n\n\n\n<p>Being aware of these symptoms will help you identify if your relative may have cognitive \nimpairment. We also recommend performing a general evaluation periodically for early disease \ndetection.<\/p>\n\n\n\n<p>Remember that as a senior clinic we specialize in medical care for older adults. For more \ninformation about our services for your loved ones. Remember you can contact us through our \nsocial networks.<a href=\"https:\/\/www.facebook.com\/geriatraSV\">(Facebook,<\/a>,\u00a0<a href=\"https:\/\/www.instagram.com\/geriatra.sv\/\">Instagram<\/a>\u00a0and\u00a0<a href=\"https:\/\/wa.me\/message\/XBV7L4YD3EX2H1\">WhatsApp)<\/a>and email. Or schedule your appointment \nhere. Senior Citizen Clinic, accompanying you towards an active and healthy old age.\u00a0<a href=\"https:\/\/clinicadeladultomayor.com\/index.php\/agendar-cita\/\" target=\"_blank\" rel=\"noreferrer noopener\">here<\/a>Senior Citizen \nClinic, accompanying you towards an active and healthy old age.<\/p>","protected":false},"excerpt":{"rendered":"<p>El deterioro cognitivo y la demencia constituye uno de los problemas de salud, que se presentan en la etapa de la vejez, siendo as\u00ed un s\u00edndrome geri\u00e1trico. Hasta hace pocos a\u00f1os, el deterioro cognitivo leve se relacionaba con el proceso propio del envejecimiento y se detectaba en estados avanzados de enfermedad. En la actualidad, y [&hellip;]<\/p>\n","protected":false},"author":2,"featured_media":535,"comment_status":"open","ping_status":"open","sticky":false,"template":"","format":"standard","meta":{"pagelayer_contact_templates":[],"_pagelayer_content":"","footnotes":""},"categories":[14,16,10],"tags":[34,47,33,43,40,45,58,44,52],"class_list":["post-528","post","type-post","status-publish","format-standard","has-post-thumbnail","hentry","category-enfermedades-comunes","category-prevencion","category-recomendaciones-para-el-adulto-mayor","tag-asistencia-geriatrica-el-salvador","tag-atencion-medica-para-adultos-mayores-san-salvador","tag-cuidado-del-adulto-mayor-el-salvador","tag-geriatra-en-san-salvador","tag-gerontologo-el-salvador","tag-medico-geriatra-el-salvador","tag-paciente-geriatrico","tag-tratamiento-de-enfermedades-cronicas-el-salvador","tag-tratamiento-de-enfermedades-san-salvador"],"yoast_head":"<!-- This site is optimized with the Yoast SEO plugin v27.4 - https:\/\/yoast.com\/product\/yoast-seo-wordpress\/ -->\n<title>Deterioro cognitivo | Cl\u00ednica del adulto mayor<\/title>\n<meta name=\"description\" content=\"Conoce m\u00e1s sobre el deterioro cognitivo, una problem\u00e1tica cada vez m\u00e1s frecuente en la poblaci\u00f3n adulta mayor.\" \/>\n<meta name=\"robots\" content=\"index, follow, max-snippet:-1, max-image-preview:large, max-video-preview:-1\" \/>\n<link rel=\"canonical\" href=\"https:\/\/clinicadeladultomayor.com\/en\/deterioro-cognitivo\/\" \/>\n<meta property=\"og:locale\" content=\"en_US\" \/>\n<meta property=\"og:type\" content=\"article\" \/>\n<meta property=\"og:title\" content=\"Deterioro cognitivo | Cl\u00ednica del adulto mayor\" \/>\n<meta property=\"og:description\" content=\"Conoce m\u00e1s sobre el deterioro cognitivo, una problem\u00e1tica cada vez m\u00e1s frecuente en la poblaci\u00f3n adulta mayor.\" \/>\n<meta property=\"og:url\" content=\"https:\/\/clinicadeladultomayor.com\/en\/deterioro-cognitivo\/\" \/>\n<meta property=\"og:site_name\" content=\"Cl\u00ednica del adulto mayor\" \/>\n<meta property=\"article:published_time\" content=\"2022-07-13T15:59:36+00:00\" \/>\n<meta property=\"article:modified_time\" content=\"2022-07-13T15:59:38+00:00\" \/>\n<meta property=\"og:image\" content=\"https:\/\/clinicadeladultomayor.com\/wp-content\/uploads\/2022\/07\/web-blog-13.png\" \/>\n\t<meta property=\"og:image:width\" content=\"1280\" \/>\n\t<meta property=\"og:image:height\" content=\"720\" \/>\n\t<meta property=\"og:image:type\" content=\"image\/png\" \/>\n<meta name=\"author\" content=\"Yolanda Estrada\" \/>\n<meta name=\"twitter:card\" content=\"summary_large_image\" \/>\n<meta name=\"twitter:label1\" content=\"Written by\" \/>\n\t<meta name=\"twitter:data1\" content=\"Yolanda Estrada\" \/>\n\t<meta name=\"twitter:label2\" content=\"Est. reading time\" \/>\n\t<meta name=\"twitter:data2\" content=\"2 minutes\" \/>\n<script type=\"application\/ld+json\" class=\"yoast-schema-graph\">{\"@context\":\"https:\\\/\\\/schema.org\",\"@graph\":[{\"@type\":\"Article\",\"@id\":\"https:\\\/\\\/clinicadeladultomayor.com\\\/deterioro-cognitivo\\\/#article\",\"isPartOf\":{\"@id\":\"https:\\\/\\\/clinicadeladultomayor.com\\\/deterioro-cognitivo\\\/\"},\"author\":{\"name\":\"Yolanda Estrada\",\"@id\":\"https:\\\/\\\/clinicadeladultomayor.com\\\/#\\\/schema\\\/person\\\/057f90718f1cd70a500f80ef1b128857\"},\"headline\":\"Deterioro cognitivo\",\"datePublished\":\"2022-07-13T15:59:36+00:00\",\"dateModified\":\"2022-07-13T15:59:38+00:00\",\"mainEntityOfPage\":{\"@id\":\"https:\\\/\\\/clinicadeladultomayor.com\\\/deterioro-cognitivo\\\/\"},\"wordCount\":424,\"commentCount\":1,\"publisher\":{\"@id\":\"https:\\\/\\\/clinicadeladultomayor.com\\\/#organization\"},\"image\":{\"@id\":\"https:\\\/\\\/clinicadeladultomayor.com\\\/deterioro-cognitivo\\\/#primaryimage\"},\"thumbnailUrl\":\"https:\\\/\\\/clinicadeladultomayor.com\\\/wp-content\\\/uploads\\\/2022\\\/07\\\/web-blog-13.png\",\"keywords\":[\"Asistencia geri\u00e1trica El Salvador\",\"Atenci\u00f3n m\u00e9dica para adultos mayores San Salvador\",\"cuidado del adulto mayor El salvador\",\"Geriatra en San Salvador\",\"Geront\u00f3logo El Salvador\",\"M\u00e9dico geriatra El salvador\",\"Paciente geri\u00e1trico\",\"Tratamiento de enfermedades cr\u00f3nicas El Salvador\",\"Tratamiento de enfermedades San Salvador\"],\"articleSection\":[\"Enfermedades comunes\",\"Prevenci\u00f3n\",\"Recomendaciones para el adulto mayor\"],\"inLanguage\":\"en-US\",\"potentialAction\":[{\"@type\":\"CommentAction\",\"name\":\"Comment\",\"target\":[\"https:\\\/\\\/clinicadeladultomayor.com\\\/deterioro-cognitivo\\\/#respond\"]}]},{\"@type\":\"WebPage\",\"@id\":\"https:\\\/\\\/clinicadeladultomayor.com\\\/deterioro-cognitivo\\\/\",\"url\":\"https:\\\/\\\/clinicadeladultomayor.com\\\/deterioro-cognitivo\\\/\",\"name\":\"Deterioro cognitivo | Cl\u00ednica del adulto mayor\",\"isPartOf\":{\"@id\":\"https:\\\/\\\/clinicadeladultomayor.com\\\/#website\"},\"primaryImageOfPage\":{\"@id\":\"https:\\\/\\\/clinicadeladultomayor.com\\\/deterioro-cognitivo\\\/#primaryimage\"},\"image\":{\"@id\":\"https:\\\/\\\/clinicadeladultomayor.com\\\/deterioro-cognitivo\\\/#primaryimage\"},\"thumbnailUrl\":\"https:\\\/\\\/clinicadeladultomayor.com\\\/wp-content\\\/uploads\\\/2022\\\/07\\\/web-blog-13.png\",\"datePublished\":\"2022-07-13T15:59:36+00:00\",\"dateModified\":\"2022-07-13T15:59:38+00:00\",\"description\":\"Conoce m\u00e1s sobre el deterioro cognitivo, una problem\u00e1tica cada vez m\u00e1s frecuente en la poblaci\u00f3n adulta mayor.\",\"breadcrumb\":{\"@id\":\"https:\\\/\\\/clinicadeladultomayor.com\\\/deterioro-cognitivo\\\/#breadcrumb\"},\"inLanguage\":\"en-US\",\"potentialAction\":[{\"@type\":\"ReadAction\",\"target\":[\"https:\\\/\\\/clinicadeladultomayor.com\\\/deterioro-cognitivo\\\/\"]}]},{\"@type\":\"ImageObject\",\"inLanguage\":\"en-US\",\"@id\":\"https:\\\/\\\/clinicadeladultomayor.com\\\/deterioro-cognitivo\\\/#primaryimage\",\"url\":\"https:\\\/\\\/clinicadeladultomayor.com\\\/wp-content\\\/uploads\\\/2022\\\/07\\\/web-blog-13.png\",\"contentUrl\":\"https:\\\/\\\/clinicadeladultomayor.com\\\/wp-content\\\/uploads\\\/2022\\\/07\\\/web-blog-13.png\",\"width\":1280,\"height\":720,\"caption\":\"deterioro cognitivo, especialista en ancianos.\"},{\"@type\":\"BreadcrumbList\",\"@id\":\"https:\\\/\\\/clinicadeladultomayor.com\\\/deterioro-cognitivo\\\/#breadcrumb\",\"itemListElement\":[{\"@type\":\"ListItem\",\"position\":1,\"name\":\"Portada\",\"item\":\"https:\\\/\\\/clinicadeladultomayor.com\\\/\"},{\"@type\":\"ListItem\",\"position\":2,\"name\":\"Deterioro cognitivo\"}]},{\"@type\":\"WebSite\",\"@id\":\"https:\\\/\\\/clinicadeladultomayor.com\\\/#website\",\"url\":\"https:\\\/\\\/clinicadeladultomayor.com\\\/\",\"name\":\"Cl\u00ednica del adulto mayor\",\"description\":\"Clinica geriatrica especializada en la atenci\u00f3n del adulto mayor en El Salvador. Acompa\u00f1andote hacia una vejez activa y saludable.\",\"publisher\":{\"@id\":\"https:\\\/\\\/clinicadeladultomayor.com\\\/#organization\"},\"potentialAction\":[{\"@type\":\"SearchAction\",\"target\":{\"@type\":\"EntryPoint\",\"urlTemplate\":\"https:\\\/\\\/clinicadeladultomayor.com\\\/?s={search_term_string}\"},\"query-input\":{\"@type\":\"PropertyValueSpecification\",\"valueRequired\":true,\"valueName\":\"search_term_string\"}}],\"inLanguage\":\"en-US\"},{\"@type\":\"Organization\",\"@id\":\"https:\\\/\\\/clinicadeladultomayor.com\\\/#organization\",\"name\":\"Cl\u00ednica del adulto mayor\",\"url\":\"https:\\\/\\\/clinicadeladultomayor.com\\\/\",\"logo\":{\"@type\":\"ImageObject\",\"inLanguage\":\"en-US\",\"@id\":\"https:\\\/\\\/clinicadeladultomayor.com\\\/#\\\/schema\\\/logo\\\/image\\\/\",\"url\":\"https:\\\/\\\/clinicadeladultomayor.com\\\/wp-content\\\/uploads\\\/2022\\\/05\\\/LOGO-CLINICA-DEL-ADULTO-MAYOR-LETRAS-TURQUESAS.png\",\"contentUrl\":\"https:\\\/\\\/clinicadeladultomayor.com\\\/wp-content\\\/uploads\\\/2022\\\/05\\\/LOGO-CLINICA-DEL-ADULTO-MAYOR-LETRAS-TURQUESAS.png\",\"width\":1200,\"height\":1200,\"caption\":\"Cl\u00ednica del adulto mayor\"},\"image\":{\"@id\":\"https:\\\/\\\/clinicadeladultomayor.com\\\/#\\\/schema\\\/logo\\\/image\\\/\"}},{\"@type\":\"Person\",\"@id\":\"https:\\\/\\\/clinicadeladultomayor.com\\\/#\\\/schema\\\/person\\\/057f90718f1cd70a500f80ef1b128857\",\"name\":\"Yolanda Estrada\",\"image\":{\"@type\":\"ImageObject\",\"inLanguage\":\"en-US\",\"@id\":\"https:\\\/\\\/secure.gravatar.com\\\/avatar\\\/5dcd0d480ae645caa5bcc658b29547a11f88dc9b78be4586b5d57fc1a949d94f?s=96&d=mm&r=g\",\"url\":\"https:\\\/\\\/secure.gravatar.com\\\/avatar\\\/5dcd0d480ae645caa5bcc658b29547a11f88dc9b78be4586b5d57fc1a949d94f?s=96&d=mm&r=g\",\"contentUrl\":\"https:\\\/\\\/secure.gravatar.com\\\/avatar\\\/5dcd0d480ae645caa5bcc658b29547a11f88dc9b78be4586b5d57fc1a949d94f?s=96&d=mm&r=g\",\"caption\":\"Yolanda Estrada\"},\"url\":\"https:\\\/\\\/clinicadeladultomayor.com\\\/en\\\/author\\\/yolanda-estrada\\\/\"}]}<\/script>\n<!-- \/ Yoast SEO plugin. -->","yoast_head_json":{"title":"Deterioro cognitivo | Cl\u00ednica del adulto mayor","description":"Conoce m\u00e1s sobre el deterioro cognitivo, una problem\u00e1tica cada vez m\u00e1s frecuente en la poblaci\u00f3n adulta mayor.","robots":{"index":"index","follow":"follow","max-snippet":"max-snippet:-1","max-image-preview":"max-image-preview:large","max-video-preview":"max-video-preview:-1"},"canonical":"https:\/\/clinicadeladultomayor.com\/en\/deterioro-cognitivo\/","og_locale":"en_US","og_type":"article","og_title":"Deterioro cognitivo | Cl\u00ednica del adulto mayor","og_description":"Conoce m\u00e1s sobre el deterioro cognitivo, una problem\u00e1tica cada vez m\u00e1s frecuente en la poblaci\u00f3n adulta mayor.","og_url":"https:\/\/clinicadeladultomayor.com\/en\/deterioro-cognitivo\/","og_site_name":"Cl\u00ednica del adulto mayor","article_published_time":"2022-07-13T15:59:36+00:00","article_modified_time":"2022-07-13T15:59:38+00:00","og_image":[{"width":1280,"height":720,"url":"https:\/\/clinicadeladultomayor.com\/wp-content\/uploads\/2022\/07\/web-blog-13.png","type":"image\/png"}],"author":"Yolanda Estrada","twitter_card":"summary_large_image","twitter_misc":{"Written by":"Yolanda Estrada","Est. reading time":"2 minutes"},"schema":{"@context":"https:\/\/schema.org","@graph":[{"@type":"Article","@id":"https:\/\/clinicadeladultomayor.com\/deterioro-cognitivo\/#article","isPartOf":{"@id":"https:\/\/clinicadeladultomayor.com\/deterioro-cognitivo\/"},"author":{"name":"Yolanda Estrada","@id":"https:\/\/clinicadeladultomayor.com\/#\/schema\/person\/057f90718f1cd70a500f80ef1b128857"},"headline":"Deterioro cognitivo","datePublished":"2022-07-13T15:59:36+00:00","dateModified":"2022-07-13T15:59:38+00:00","mainEntityOfPage":{"@id":"https:\/\/clinicadeladultomayor.com\/deterioro-cognitivo\/"},"wordCount":424,"commentCount":1,"publisher":{"@id":"https:\/\/clinicadeladultomayor.com\/#organization"},"image":{"@id":"https:\/\/clinicadeladultomayor.com\/deterioro-cognitivo\/#primaryimage"},"thumbnailUrl":"https:\/\/clinicadeladultomayor.com\/wp-content\/uploads\/2022\/07\/web-blog-13.png","keywords":["Asistencia geri\u00e1trica El Salvador","Atenci\u00f3n m\u00e9dica para adultos mayores San Salvador","cuidado del adulto mayor El salvador","Geriatra en San Salvador","Geront\u00f3logo El Salvador","M\u00e9dico geriatra El salvador","Paciente geri\u00e1trico","Tratamiento de enfermedades cr\u00f3nicas El Salvador","Tratamiento de enfermedades San Salvador"],"articleSection":["Enfermedades comunes","Prevenci\u00f3n","Recomendaciones para el adulto mayor"],"inLanguage":"en-US","potentialAction":[{"@type":"CommentAction","name":"Comment","target":["https:\/\/clinicadeladultomayor.com\/deterioro-cognitivo\/#respond"]}]},{"@type":"WebPage","@id":"https:\/\/clinicadeladultomayor.com\/deterioro-cognitivo\/","url":"https:\/\/clinicadeladultomayor.com\/deterioro-cognitivo\/","name":"Deterioro cognitivo | Cl\u00ednica del adulto mayor","isPartOf":{"@id":"https:\/\/clinicadeladultomayor.com\/#website"},"primaryImageOfPage":{"@id":"https:\/\/clinicadeladultomayor.com\/deterioro-cognitivo\/#primaryimage"},"image":{"@id":"https:\/\/clinicadeladultomayor.com\/deterioro-cognitivo\/#primaryimage"},"thumbnailUrl":"https:\/\/clinicadeladultomayor.com\/wp-content\/uploads\/2022\/07\/web-blog-13.png","datePublished":"2022-07-13T15:59:36+00:00","dateModified":"2022-07-13T15:59:38+00:00","description":"Conoce m\u00e1s sobre el deterioro cognitivo, una problem\u00e1tica cada vez m\u00e1s frecuente en la poblaci\u00f3n adulta mayor.","breadcrumb":{"@id":"https:\/\/clinicadeladultomayor.com\/deterioro-cognitivo\/#breadcrumb"},"inLanguage":"en-US","potentialAction":[{"@type":"ReadAction","target":["https:\/\/clinicadeladultomayor.com\/deterioro-cognitivo\/"]}]},{"@type":"ImageObject","inLanguage":"en-US","@id":"https:\/\/clinicadeladultomayor.com\/deterioro-cognitivo\/#primaryimage","url":"https:\/\/clinicadeladultomayor.com\/wp-content\/uploads\/2022\/07\/web-blog-13.png","contentUrl":"https:\/\/clinicadeladultomayor.com\/wp-content\/uploads\/2022\/07\/web-blog-13.png","width":1280,"height":720,"caption":"deterioro cognitivo, especialista en ancianos."},{"@type":"BreadcrumbList","@id":"https:\/\/clinicadeladultomayor.com\/deterioro-cognitivo\/#breadcrumb","itemListElement":[{"@type":"ListItem","position":1,"name":"Portada","item":"https:\/\/clinicadeladultomayor.com\/"},{"@type":"ListItem","position":2,"name":"Deterioro cognitivo"}]},{"@type":"WebSite","@id":"https:\/\/clinicadeladultomayor.com\/#website","url":"https:\/\/clinicadeladultomayor.com\/","name":"Cl\u00ednica del adulto mayor","description":"Clinica geriatrica especializada en la atenci\u00f3n del adulto mayor en El Salvador. Acompa\u00f1andote hacia una vejez activa y saludable.","publisher":{"@id":"https:\/\/clinicadeladultomayor.com\/#organization"},"potentialAction":[{"@type":"SearchAction","target":{"@type":"EntryPoint","urlTemplate":"https:\/\/clinicadeladultomayor.com\/?s={search_term_string}"},"query-input":{"@type":"PropertyValueSpecification","valueRequired":true,"valueName":"search_term_string"}}],"inLanguage":"en-US"},{"@type":"Organization","@id":"https:\/\/clinicadeladultomayor.com\/#organization","name":"Cl\u00ednica del adulto mayor","url":"https:\/\/clinicadeladultomayor.com\/","logo":{"@type":"ImageObject","inLanguage":"en-US","@id":"https:\/\/clinicadeladultomayor.com\/#\/schema\/logo\/image\/","url":"https:\/\/clinicadeladultomayor.com\/wp-content\/uploads\/2022\/05\/LOGO-CLINICA-DEL-ADULTO-MAYOR-LETRAS-TURQUESAS.png","contentUrl":"https:\/\/clinicadeladultomayor.com\/wp-content\/uploads\/2022\/05\/LOGO-CLINICA-DEL-ADULTO-MAYOR-LETRAS-TURQUESAS.png","width":1200,"height":1200,"caption":"Cl\u00ednica del adulto mayor"},"image":{"@id":"https:\/\/clinicadeladultomayor.com\/#\/schema\/logo\/image\/"}},{"@type":"Person","@id":"https:\/\/clinicadeladultomayor.com\/#\/schema\/person\/057f90718f1cd70a500f80ef1b128857","name":"Yolanda Estrada","image":{"@type":"ImageObject","inLanguage":"en-US","@id":"https:\/\/secure.gravatar.com\/avatar\/5dcd0d480ae645caa5bcc658b29547a11f88dc9b78be4586b5d57fc1a949d94f?s=96&d=mm&r=g","url":"https:\/\/secure.gravatar.com\/avatar\/5dcd0d480ae645caa5bcc658b29547a11f88dc9b78be4586b5d57fc1a949d94f?s=96&d=mm&r=g","contentUrl":"https:\/\/secure.gravatar.com\/avatar\/5dcd0d480ae645caa5bcc658b29547a11f88dc9b78be4586b5d57fc1a949d94f?s=96&d=mm&r=g","caption":"Yolanda Estrada"},"url":"https:\/\/clinicadeladultomayor.com\/en\/author\/yolanda-estrada\/"}]}},"_links":{"self":[{"href":"https:\/\/clinicadeladultomayor.com\/en\/wp-json\/wp\/v2\/posts\/528","targetHints":{"allow":["GET"]}}],"collection":[{"href":"https:\/\/clinicadeladultomayor.com\/en\/wp-json\/wp\/v2\/posts"}],"about":[{"href":"https:\/\/clinicadeladultomayor.com\/en\/wp-json\/wp\/v2\/types\/post"}],"author":[{"embeddable":true,"href":"https:\/\/clinicadeladultomayor.com\/en\/wp-json\/wp\/v2\/users\/2"}],"replies":[{"embeddable":true,"href":"https:\/\/clinicadeladultomayor.com\/en\/wp-json\/wp\/v2\/comments?post=528"}],"version-history":[{"count":1,"href":"https:\/\/clinicadeladultomayor.com\/en\/wp-json\/wp\/v2\/posts\/528\/revisions"}],"predecessor-version":[{"id":534,"href":"https:\/\/clinicadeladultomayor.com\/en\/wp-json\/wp\/v2\/posts\/528\/revisions\/534"}],"wp:featuredmedia":[{"embeddable":true,"href":"https:\/\/clinicadeladultomayor.com\/en\/wp-json\/wp\/v2\/media\/535"}],"wp:attachment":[{"href":"https:\/\/clinicadeladultomayor.com\/en\/wp-json\/wp\/v2\/media?parent=528"}],"wp:term":[{"taxonomy":"category","embeddable":true,"href":"https:\/\/clinicadeladultomayor.com\/en\/wp-json\/wp\/v2\/categories?post=528"},{"taxonomy":"post_tag","embeddable":true,"href":"https:\/\/clinicadeladultomayor.com\/en\/wp-json\/wp\/v2\/tags?post=528"}],"curies":[{"name":"wp","href":"https:\/\/api.w.org\/{rel}","templated":true}]}}