{"id":554,"date":"2022-08-12T17:52:58","date_gmt":"2022-08-12T17:52:58","guid":{"rendered":"https:\/\/clinicadeladultomayor.com\/?p=554"},"modified":"2022-08-13T16:32:45","modified_gmt":"2022-08-13T16:32:45","slug":"depresion-en-adultos-mayores","status":"publish","type":"post","link":"https:\/\/clinicadeladultomayor.com\/en\/depresion-en-adultos-mayores\/","title":{"rendered":"DEPRESSION IN OLDER ADULTS"},"content":{"rendered":"<p>Depression is one of the most common mental illnesses in older adults. It significantly alters the \nquality of life of those who suffer from it and is associated with high social and health costs. \nAlthough the impact of this disorder is increasingly recognized in recent years, it is a disease that \noften goes unnoticed or is not treated properly.<\/p>\n\n\n\n<h2 class=\"wp-block-heading\">Factors that can cause depression<\/h2>\n\n\n\n<h4 class=\"wp-block-heading\">Biological Factors<\/h4>\n\n\n\n<p>Depression is more common in older adults who are physically ill than in those who are healthy. \nThe main risk factors for depression seem to be the severity of the physical illness, the degree of \ndisability it may cause, coexisting cognitive impairment, and a previous positive psychiatric history. \nThere are also some diseases that are related to depression, such as:<\/p>\n\n\n\n<ul class=\"wp-block-list\"><li>Diabetes<\/li><li>Hypothyroidism and hyperthyroidism<\/li><li>Vitamin deficiency<\/li><li>Tumors<\/li><li>Parkinson's disease<\/li><li>Degenerative arthritis<\/li><li>Irritable bowel syndrome<\/li><li>Urinary\/anal incontinence<\/li><li>Hip fracture<\/li><li>Acute myocardial infarction<\/li><li>Strokes<\/li><li>Among others.<\/li><\/ul>\n\n\n\n<h4 class=\"wp-block-heading\">Psychosocial Factors <\/h4>\n\n\n\n<p>Numerous studies reveal that certain events and environments can disrupt the mood of the older \nadult, for example: the death of a partner or loved one, illness, disability and functional \nimpairment, retirement with the consequent loss of social and economic status, family rejection, \nand social isolation.<\/p>\n\n\n\n<h2 class=\"wp-block-heading\">Symptoms<\/h2>\n\n\n\n<p>Depression in elderly people often presents in an atypical form. It is very common for older \npatients to have an increase in somatic complaints, sleep disorders, agitation, thoughts of death, \npoor concentration, and retardation.<\/p>\n\n\n\n<p>A quite common symptom is anhedonia, characterized by the inability to experience pleasure, that \nis, the loss of interest in activities that were previously enjoyable and the loss of illusion. This is one \nof the clearest indicators of depression, although it can be present in other pathologies.<\/p>\n\n\n\n<figure class=\"wp-block-image size-large\"><img loading=\"lazy\" decoding=\"async\" width=\"1024\" height=\"576\" src=\"https:\/\/clinicadeladultomayor.com\/wp-content\/uploads\/2022\/08\/web-blog-12-1024x576.png\" alt=\"Depresi\u00f3n, tristeza, soledad, adulto mayor, geriatra, \" class=\"wp-image-557\" srcset=\"https:\/\/clinicadeladultomayor.com\/wp-content\/uploads\/2022\/08\/web-blog-12-1024x576.png 1024w, https:\/\/clinicadeladultomayor.com\/wp-content\/uploads\/2022\/08\/web-blog-12-300x169.png 300w, https:\/\/clinicadeladultomayor.com\/wp-content\/uploads\/2022\/08\/web-blog-12-768x432.png 768w, https:\/\/clinicadeladultomayor.com\/wp-content\/uploads\/2022\/08\/web-blog-12.png 1280w\" sizes=\"auto, (max-width: 1024px) 100vw, 1024px\" \/><\/figure>\n\n\n\n<p>If you notice that your older adult family member has any of these symptoms, take them to a \ngeriatrician or psychologist for a psychological evaluation and the corresponding treatment.<\/p>\n\n\n\n<p class=\"translation-block\">If you notice that your older adult family member has any of these symptoms, take them to a \ngeriatrician or psychologist for a psychological evaluation and the corresponding treatment. \nRemember that as a senior clinic we specialize in medical care for older adults. For more \ninformation about our services for your loved ones, contact us through our social networks \n(Facebook, Instagram, and WhatsApp) and email. Or make your appointment here. Senior Citizen \nClinic, accompanying you towards an active and healthy old age.<\/p>","protected":false},"excerpt":{"rendered":"<p>La depresi\u00f3n constituye una de las enfermedades mentales m\u00e1s frecuentes en los adultos mayores. Altera en gran medida la calidad de vida del que la padece y adem\u00e1s se asocia a unos elevados costes sociales y de salud. Aunque en los \u00faltimos a\u00f1os el impacto de este trastorno es cada vez m\u00e1s reconocido, se trata [&hellip;]<\/p>\n","protected":false},"author":2,"featured_media":558,"comment_status":"open","ping_status":"open","sticky":false,"template":"","format":"standard","meta":{"pagelayer_contact_templates":[],"_pagelayer_content":"","footnotes":""},"categories":[6,14],"tags":[34,47,30,80,33,85,78,82,77,42,40,45,50,79,69,86,44,52,84],"class_list":["post-554","post","type-post","status-publish","format-standard","has-post-thumbnail","hentry","category-cuidado-del-adulto-mayor","category-enfermedades-comunes","tag-asistencia-geriatrica-el-salvador","tag-atencion-medica-para-adultos-mayores-san-salvador","tag-consulta-medica-en-el-salvador-2","tag-consulta-psicologica","tag-cuidado-del-adulto-mayor-el-salvador","tag-depresion","tag-enfermedades-mentales","tag-estados-de-animo","tag-evaluacion-psicologica","tag-geriatra-el-salvador","tag-gerontologo-el-salvador","tag-medico-geriatra-el-salvador","tag-prevencion-de-enfermedades-en-el-salvador","tag-sindromes-geriatricos","tag-sintomas","tag-soledad","tag-tratamiento-de-enfermedades-cronicas-el-salvador","tag-tratamiento-de-enfermedades-san-salvador","tag-tratamiento-de-la-depresion-en-san-salvador"],"yoast_head":"<!-- This site is optimized with the Yoast SEO plugin v27.4 - https:\/\/yoast.com\/product\/yoast-seo-wordpress\/ -->\n<title>Depresi\u00f3n en adultos mayores | Cl\u00ednica del adulto mayor<\/title>\n<meta name=\"robots\" content=\"index, follow, max-snippet:-1, max-image-preview:large, max-video-preview:-1\" \/>\n<link rel=\"canonical\" href=\"https:\/\/clinicadeladultomayor.com\/en\/depresion-en-adultos-mayores\/\" \/>\n<meta property=\"og:locale\" content=\"en_US\" \/>\n<meta property=\"og:type\" content=\"article\" \/>\n<meta property=\"og:title\" content=\"Depresi\u00f3n en adultos mayores | Cl\u00ednica del adulto mayor\" \/>\n<meta property=\"og:description\" content=\"La depresi\u00f3n constituye una de las enfermedades mentales m\u00e1s frecuentes en los adultos mayores. Altera en gran medida la calidad de vida del que la padece y adem\u00e1s se asocia a unos elevados costes sociales y de salud. Aunque en los \u00faltimos a\u00f1os el impacto de este trastorno es cada vez m\u00e1s reconocido, se trata [&hellip;]\" \/>\n<meta property=\"og:url\" content=\"https:\/\/clinicadeladultomayor.com\/en\/depresion-en-adultos-mayores\/\" \/>\n<meta property=\"og:site_name\" content=\"Cl\u00ednica del adulto mayor\" \/>\n<meta property=\"article:published_time\" content=\"2022-08-12T17:52:58+00:00\" \/>\n<meta property=\"article:modified_time\" content=\"2022-08-13T16:32:45+00:00\" \/>\n<meta property=\"og:image\" content=\"https:\/\/clinicadeladultomayor.com\/wp-content\/uploads\/2022\/08\/web-blog-12.1.png\" \/>\n\t<meta property=\"og:image:width\" content=\"1280\" \/>\n\t<meta property=\"og:image:height\" content=\"720\" \/>\n\t<meta property=\"og:image:type\" content=\"image\/png\" \/>\n<meta name=\"author\" content=\"Yolanda Estrada\" \/>\n<meta name=\"twitter:card\" content=\"summary_large_image\" \/>\n<meta name=\"twitter:label1\" content=\"Written by\" \/>\n\t<meta name=\"twitter:data1\" content=\"Yolanda Estrada\" \/>\n\t<meta name=\"twitter:label2\" content=\"Est. reading time\" \/>\n\t<meta name=\"twitter:data2\" content=\"3 minutes\" \/>\n<script type=\"application\/ld+json\" class=\"yoast-schema-graph\">{\"@context\":\"https:\\\/\\\/schema.org\",\"@graph\":[{\"@type\":\"Article\",\"@id\":\"https:\\\/\\\/clinicadeladultomayor.com\\\/depresion-en-adultos-mayores\\\/#article\",\"isPartOf\":{\"@id\":\"https:\\\/\\\/clinicadeladultomayor.com\\\/depresion-en-adultos-mayores\\\/\"},\"author\":{\"name\":\"Yolanda Estrada\",\"@id\":\"https:\\\/\\\/clinicadeladultomayor.com\\\/#\\\/schema\\\/person\\\/057f90718f1cd70a500f80ef1b128857\"},\"headline\":\"Depresi\u00f3n en adultos mayores\",\"datePublished\":\"2022-08-12T17:52:58+00:00\",\"dateModified\":\"2022-08-13T16:32:45+00:00\",\"mainEntityOfPage\":{\"@id\":\"https:\\\/\\\/clinicadeladultomayor.com\\\/depresion-en-adultos-mayores\\\/\"},\"wordCount\":517,\"commentCount\":1,\"publisher\":{\"@id\":\"https:\\\/\\\/clinicadeladultomayor.com\\\/#organization\"},\"image\":{\"@id\":\"https:\\\/\\\/clinicadeladultomayor.com\\\/depresion-en-adultos-mayores\\\/#primaryimage\"},\"thumbnailUrl\":\"https:\\\/\\\/clinicadeladultomayor.com\\\/wp-content\\\/uploads\\\/2022\\\/08\\\/web-blog-12.1.png\",\"keywords\":[\"Asistencia geri\u00e1trica El Salvador\",\"Atenci\u00f3n m\u00e9dica para adultos mayores San Salvador\",\"consulta m\u00e9dica en El Salvador\",\"Consulta psicol\u00f3gica\",\"cuidado del adulto mayor El salvador\",\"Depresi\u00f3n\",\"Enfermedades mentales\",\"Estados de animo\",\"Evaluaci\u00f3n psicologica\",\"Geriatra El Salvador\",\"Geront\u00f3logo El Salvador\",\"M\u00e9dico geriatra El salvador\",\"Prevenci\u00f3n de enfermedades en el Salvador\",\"S\u00edndromes geri\u00e1tricos\",\"Sintomas\",\"Soledad\",\"Tratamiento de enfermedades cr\u00f3nicas El Salvador\",\"Tratamiento de enfermedades San Salvador\",\"Tratamiento de la depresi\u00f3n en San Salvador\"],\"articleSection\":[\"Cuidado del adulto mayor\",\"Enfermedades comunes\"],\"inLanguage\":\"en-US\",\"potentialAction\":[{\"@type\":\"CommentAction\",\"name\":\"Comment\",\"target\":[\"https:\\\/\\\/clinicadeladultomayor.com\\\/depresion-en-adultos-mayores\\\/#respond\"]}]},{\"@type\":\"WebPage\",\"@id\":\"https:\\\/\\\/clinicadeladultomayor.com\\\/depresion-en-adultos-mayores\\\/\",\"url\":\"https:\\\/\\\/clinicadeladultomayor.com\\\/depresion-en-adultos-mayores\\\/\",\"name\":\"Depresi\u00f3n en adultos mayores | Cl\u00ednica del adulto mayor\",\"isPartOf\":{\"@id\":\"https:\\\/\\\/clinicadeladultomayor.com\\\/#website\"},\"primaryImageOfPage\":{\"@id\":\"https:\\\/\\\/clinicadeladultomayor.com\\\/depresion-en-adultos-mayores\\\/#primaryimage\"},\"image\":{\"@id\":\"https:\\\/\\\/clinicadeladultomayor.com\\\/depresion-en-adultos-mayores\\\/#primaryimage\"},\"thumbnailUrl\":\"https:\\\/\\\/clinicadeladultomayor.com\\\/wp-content\\\/uploads\\\/2022\\\/08\\\/web-blog-12.1.png\",\"datePublished\":\"2022-08-12T17:52:58+00:00\",\"dateModified\":\"2022-08-13T16:32:45+00:00\",\"breadcrumb\":{\"@id\":\"https:\\\/\\\/clinicadeladultomayor.com\\\/depresion-en-adultos-mayores\\\/#breadcrumb\"},\"inLanguage\":\"en-US\",\"potentialAction\":[{\"@type\":\"ReadAction\",\"target\":[\"https:\\\/\\\/clinicadeladultomayor.com\\\/depresion-en-adultos-mayores\\\/\"]}]},{\"@type\":\"ImageObject\",\"inLanguage\":\"en-US\",\"@id\":\"https:\\\/\\\/clinicadeladultomayor.com\\\/depresion-en-adultos-mayores\\\/#primaryimage\",\"url\":\"https:\\\/\\\/clinicadeladultomayor.com\\\/wp-content\\\/uploads\\\/2022\\\/08\\\/web-blog-12.1.png\",\"contentUrl\":\"https:\\\/\\\/clinicadeladultomayor.com\\\/wp-content\\\/uploads\\\/2022\\\/08\\\/web-blog-12.1.png\",\"width\":1280,\"height\":720,\"caption\":\"depresi\u00f3n, el mejor tratamiento para la depresi\u00f3n, evaluaci\u00f3n psicol\u00f3gica, s\u00edntomas de la depresi\u00f3n\"},{\"@type\":\"BreadcrumbList\",\"@id\":\"https:\\\/\\\/clinicadeladultomayor.com\\\/depresion-en-adultos-mayores\\\/#breadcrumb\",\"itemListElement\":[{\"@type\":\"ListItem\",\"position\":1,\"name\":\"Portada\",\"item\":\"https:\\\/\\\/clinicadeladultomayor.com\\\/\"},{\"@type\":\"ListItem\",\"position\":2,\"name\":\"Depresi\u00f3n en adultos mayores\"}]},{\"@type\":\"WebSite\",\"@id\":\"https:\\\/\\\/clinicadeladultomayor.com\\\/#website\",\"url\":\"https:\\\/\\\/clinicadeladultomayor.com\\\/\",\"name\":\"Cl\u00ednica del adulto mayor\",\"description\":\"Clinica geriatrica especializada en la atenci\u00f3n del adulto mayor en El Salvador. Acompa\u00f1andote hacia una vejez activa y saludable.\",\"publisher\":{\"@id\":\"https:\\\/\\\/clinicadeladultomayor.com\\\/#organization\"},\"potentialAction\":[{\"@type\":\"SearchAction\",\"target\":{\"@type\":\"EntryPoint\",\"urlTemplate\":\"https:\\\/\\\/clinicadeladultomayor.com\\\/?s={search_term_string}\"},\"query-input\":{\"@type\":\"PropertyValueSpecification\",\"valueRequired\":true,\"valueName\":\"search_term_string\"}}],\"inLanguage\":\"en-US\"},{\"@type\":\"Organization\",\"@id\":\"https:\\\/\\\/clinicadeladultomayor.com\\\/#organization\",\"name\":\"Cl\u00ednica del adulto mayor\",\"url\":\"https:\\\/\\\/clinicadeladultomayor.com\\\/\",\"logo\":{\"@type\":\"ImageObject\",\"inLanguage\":\"en-US\",\"@id\":\"https:\\\/\\\/clinicadeladultomayor.com\\\/#\\\/schema\\\/logo\\\/image\\\/\",\"url\":\"https:\\\/\\\/clinicadeladultomayor.com\\\/wp-content\\\/uploads\\\/2022\\\/05\\\/LOGO-CLINICA-DEL-ADULTO-MAYOR-LETRAS-TURQUESAS.png\",\"contentUrl\":\"https:\\\/\\\/clinicadeladultomayor.com\\\/wp-content\\\/uploads\\\/2022\\\/05\\\/LOGO-CLINICA-DEL-ADULTO-MAYOR-LETRAS-TURQUESAS.png\",\"width\":1200,\"height\":1200,\"caption\":\"Cl\u00ednica del adulto mayor\"},\"image\":{\"@id\":\"https:\\\/\\\/clinicadeladultomayor.com\\\/#\\\/schema\\\/logo\\\/image\\\/\"}},{\"@type\":\"Person\",\"@id\":\"https:\\\/\\\/clinicadeladultomayor.com\\\/#\\\/schema\\\/person\\\/057f90718f1cd70a500f80ef1b128857\",\"name\":\"Yolanda Estrada\",\"image\":{\"@type\":\"ImageObject\",\"inLanguage\":\"en-US\",\"@id\":\"https:\\\/\\\/secure.gravatar.com\\\/avatar\\\/5dcd0d480ae645caa5bcc658b29547a11f88dc9b78be4586b5d57fc1a949d94f?s=96&d=mm&r=g\",\"url\":\"https:\\\/\\\/secure.gravatar.com\\\/avatar\\\/5dcd0d480ae645caa5bcc658b29547a11f88dc9b78be4586b5d57fc1a949d94f?s=96&d=mm&r=g\",\"contentUrl\":\"https:\\\/\\\/secure.gravatar.com\\\/avatar\\\/5dcd0d480ae645caa5bcc658b29547a11f88dc9b78be4586b5d57fc1a949d94f?s=96&d=mm&r=g\",\"caption\":\"Yolanda Estrada\"},\"url\":\"https:\\\/\\\/clinicadeladultomayor.com\\\/en\\\/author\\\/yolanda-estrada\\\/\"}]}<\/script>\n<!-- \/ Yoast SEO plugin. -->","yoast_head_json":{"title":"Depresi\u00f3n en adultos mayores | Cl\u00ednica del adulto mayor","robots":{"index":"index","follow":"follow","max-snippet":"max-snippet:-1","max-image-preview":"max-image-preview:large","max-video-preview":"max-video-preview:-1"},"canonical":"https:\/\/clinicadeladultomayor.com\/en\/depresion-en-adultos-mayores\/","og_locale":"en_US","og_type":"article","og_title":"Depresi\u00f3n en adultos mayores | Cl\u00ednica del adulto mayor","og_description":"La depresi\u00f3n constituye una de las enfermedades mentales m\u00e1s frecuentes en los adultos mayores. Altera en gran medida la calidad de vida del que la padece y adem\u00e1s se asocia a unos elevados costes sociales y de salud. Aunque en los \u00faltimos a\u00f1os el impacto de este trastorno es cada vez m\u00e1s reconocido, se trata [&hellip;]","og_url":"https:\/\/clinicadeladultomayor.com\/en\/depresion-en-adultos-mayores\/","og_site_name":"Cl\u00ednica del adulto mayor","article_published_time":"2022-08-12T17:52:58+00:00","article_modified_time":"2022-08-13T16:32:45+00:00","og_image":[{"width":1280,"height":720,"url":"https:\/\/clinicadeladultomayor.com\/wp-content\/uploads\/2022\/08\/web-blog-12.1.png","type":"image\/png"}],"author":"Yolanda Estrada","twitter_card":"summary_large_image","twitter_misc":{"Written by":"Yolanda Estrada","Est. reading time":"3 minutes"},"schema":{"@context":"https:\/\/schema.org","@graph":[{"@type":"Article","@id":"https:\/\/clinicadeladultomayor.com\/depresion-en-adultos-mayores\/#article","isPartOf":{"@id":"https:\/\/clinicadeladultomayor.com\/depresion-en-adultos-mayores\/"},"author":{"name":"Yolanda Estrada","@id":"https:\/\/clinicadeladultomayor.com\/#\/schema\/person\/057f90718f1cd70a500f80ef1b128857"},"headline":"Depresi\u00f3n en adultos mayores","datePublished":"2022-08-12T17:52:58+00:00","dateModified":"2022-08-13T16:32:45+00:00","mainEntityOfPage":{"@id":"https:\/\/clinicadeladultomayor.com\/depresion-en-adultos-mayores\/"},"wordCount":517,"commentCount":1,"publisher":{"@id":"https:\/\/clinicadeladultomayor.com\/#organization"},"image":{"@id":"https:\/\/clinicadeladultomayor.com\/depresion-en-adultos-mayores\/#primaryimage"},"thumbnailUrl":"https:\/\/clinicadeladultomayor.com\/wp-content\/uploads\/2022\/08\/web-blog-12.1.png","keywords":["Asistencia geri\u00e1trica El Salvador","Atenci\u00f3n m\u00e9dica para adultos mayores San Salvador","consulta m\u00e9dica en El Salvador","Consulta psicol\u00f3gica","cuidado del adulto mayor El salvador","Depresi\u00f3n","Enfermedades mentales","Estados de animo","Evaluaci\u00f3n psicologica","Geriatra El Salvador","Geront\u00f3logo El Salvador","M\u00e9dico geriatra El salvador","Prevenci\u00f3n de enfermedades en el Salvador","S\u00edndromes geri\u00e1tricos","Sintomas","Soledad","Tratamiento de enfermedades cr\u00f3nicas El Salvador","Tratamiento de enfermedades San Salvador","Tratamiento de la depresi\u00f3n en San Salvador"],"articleSection":["Cuidado del adulto mayor","Enfermedades comunes"],"inLanguage":"en-US","potentialAction":[{"@type":"CommentAction","name":"Comment","target":["https:\/\/clinicadeladultomayor.com\/depresion-en-adultos-mayores\/#respond"]}]},{"@type":"WebPage","@id":"https:\/\/clinicadeladultomayor.com\/depresion-en-adultos-mayores\/","url":"https:\/\/clinicadeladultomayor.com\/depresion-en-adultos-mayores\/","name":"Depresi\u00f3n en adultos mayores | Cl\u00ednica del adulto mayor","isPartOf":{"@id":"https:\/\/clinicadeladultomayor.com\/#website"},"primaryImageOfPage":{"@id":"https:\/\/clinicadeladultomayor.com\/depresion-en-adultos-mayores\/#primaryimage"},"image":{"@id":"https:\/\/clinicadeladultomayor.com\/depresion-en-adultos-mayores\/#primaryimage"},"thumbnailUrl":"https:\/\/clinicadeladultomayor.com\/wp-content\/uploads\/2022\/08\/web-blog-12.1.png","datePublished":"2022-08-12T17:52:58+00:00","dateModified":"2022-08-13T16:32:45+00:00","breadcrumb":{"@id":"https:\/\/clinicadeladultomayor.com\/depresion-en-adultos-mayores\/#breadcrumb"},"inLanguage":"en-US","potentialAction":[{"@type":"ReadAction","target":["https:\/\/clinicadeladultomayor.com\/depresion-en-adultos-mayores\/"]}]},{"@type":"ImageObject","inLanguage":"en-US","@id":"https:\/\/clinicadeladultomayor.com\/depresion-en-adultos-mayores\/#primaryimage","url":"https:\/\/clinicadeladultomayor.com\/wp-content\/uploads\/2022\/08\/web-blog-12.1.png","contentUrl":"https:\/\/clinicadeladultomayor.com\/wp-content\/uploads\/2022\/08\/web-blog-12.1.png","width":1280,"height":720,"caption":"depresi\u00f3n, el mejor tratamiento para la depresi\u00f3n, evaluaci\u00f3n psicol\u00f3gica, s\u00edntomas de la depresi\u00f3n"},{"@type":"BreadcrumbList","@id":"https:\/\/clinicadeladultomayor.com\/depresion-en-adultos-mayores\/#breadcrumb","itemListElement":[{"@type":"ListItem","position":1,"name":"Portada","item":"https:\/\/clinicadeladultomayor.com\/"},{"@type":"ListItem","position":2,"name":"Depresi\u00f3n en adultos mayores"}]},{"@type":"WebSite","@id":"https:\/\/clinicadeladultomayor.com\/#website","url":"https:\/\/clinicadeladultomayor.com\/","name":"Cl\u00ednica del adulto mayor","description":"Clinica geriatrica especializada en la atenci\u00f3n del adulto mayor en El Salvador. Acompa\u00f1andote hacia una vejez activa y saludable.","publisher":{"@id":"https:\/\/clinicadeladultomayor.com\/#organization"},"potentialAction":[{"@type":"SearchAction","target":{"@type":"EntryPoint","urlTemplate":"https:\/\/clinicadeladultomayor.com\/?s={search_term_string}"},"query-input":{"@type":"PropertyValueSpecification","valueRequired":true,"valueName":"search_term_string"}}],"inLanguage":"en-US"},{"@type":"Organization","@id":"https:\/\/clinicadeladultomayor.com\/#organization","name":"Cl\u00ednica del adulto mayor","url":"https:\/\/clinicadeladultomayor.com\/","logo":{"@type":"ImageObject","inLanguage":"en-US","@id":"https:\/\/clinicadeladultomayor.com\/#\/schema\/logo\/image\/","url":"https:\/\/clinicadeladultomayor.com\/wp-content\/uploads\/2022\/05\/LOGO-CLINICA-DEL-ADULTO-MAYOR-LETRAS-TURQUESAS.png","contentUrl":"https:\/\/clinicadeladultomayor.com\/wp-content\/uploads\/2022\/05\/LOGO-CLINICA-DEL-ADULTO-MAYOR-LETRAS-TURQUESAS.png","width":1200,"height":1200,"caption":"Cl\u00ednica del adulto mayor"},"image":{"@id":"https:\/\/clinicadeladultomayor.com\/#\/schema\/logo\/image\/"}},{"@type":"Person","@id":"https:\/\/clinicadeladultomayor.com\/#\/schema\/person\/057f90718f1cd70a500f80ef1b128857","name":"Yolanda Estrada","image":{"@type":"ImageObject","inLanguage":"en-US","@id":"https:\/\/secure.gravatar.com\/avatar\/5dcd0d480ae645caa5bcc658b29547a11f88dc9b78be4586b5d57fc1a949d94f?s=96&d=mm&r=g","url":"https:\/\/secure.gravatar.com\/avatar\/5dcd0d480ae645caa5bcc658b29547a11f88dc9b78be4586b5d57fc1a949d94f?s=96&d=mm&r=g","contentUrl":"https:\/\/secure.gravatar.com\/avatar\/5dcd0d480ae645caa5bcc658b29547a11f88dc9b78be4586b5d57fc1a949d94f?s=96&d=mm&r=g","caption":"Yolanda Estrada"},"url":"https:\/\/clinicadeladultomayor.com\/en\/author\/yolanda-estrada\/"}]}},"_links":{"self":[{"href":"https:\/\/clinicadeladultomayor.com\/en\/wp-json\/wp\/v2\/posts\/554","targetHints":{"allow":["GET"]}}],"collection":[{"href":"https:\/\/clinicadeladultomayor.com\/en\/wp-json\/wp\/v2\/posts"}],"about":[{"href":"https:\/\/clinicadeladultomayor.com\/en\/wp-json\/wp\/v2\/types\/post"}],"author":[{"embeddable":true,"href":"https:\/\/clinicadeladultomayor.com\/en\/wp-json\/wp\/v2\/users\/2"}],"replies":[{"embeddable":true,"href":"https:\/\/clinicadeladultomayor.com\/en\/wp-json\/wp\/v2\/comments?post=554"}],"version-history":[{"count":2,"href":"https:\/\/clinicadeladultomayor.com\/en\/wp-json\/wp\/v2\/posts\/554\/revisions"}],"predecessor-version":[{"id":559,"href":"https:\/\/clinicadeladultomayor.com\/en\/wp-json\/wp\/v2\/posts\/554\/revisions\/559"}],"wp:featuredmedia":[{"embeddable":true,"href":"https:\/\/clinicadeladultomayor.com\/en\/wp-json\/wp\/v2\/media\/558"}],"wp:attachment":[{"href":"https:\/\/clinicadeladultomayor.com\/en\/wp-json\/wp\/v2\/media?parent=554"}],"wp:term":[{"taxonomy":"category","embeddable":true,"href":"https:\/\/clinicadeladultomayor.com\/en\/wp-json\/wp\/v2\/categories?post=554"},{"taxonomy":"post_tag","embeddable":true,"href":"https:\/\/clinicadeladultomayor.com\/en\/wp-json\/wp\/v2\/tags?post=554"}],"curies":[{"name":"wp","href":"https:\/\/api.w.org\/{rel}","templated":true}]}}