{"id":569,"date":"2022-08-17T21:46:58","date_gmt":"2022-08-17T21:46:58","guid":{"rendered":"https:\/\/clinicadeladultomayor.com\/?p=569"},"modified":"2022-08-17T21:47:00","modified_gmt":"2022-08-17T21:47:00","slug":"malnutricion-causas-y-efectos-en-adultos-mayores","status":"publish","type":"post","link":"https:\/\/clinicadeladultomayor.com\/en\/malnutricion-causas-y-efectos-en-adultos-mayores\/","title":{"rendered":"Malnutrici\u00f3n: Causas y efectos en adultos mayores"},"content":{"rendered":"<p>La malnutrici\u00f3n forma parte de los grandes s\u00edndromes geri\u00e1tricos y es factor de fragilidad. No solo constituye una patolog\u00eda en s\u00ed misma, sino que su presencia se asocia a aumento de la mortalidad y de la discapacidad, mayor frecuencia de ca\u00eddas y fracturas, empeora el deterioro cognitivo. Tambi\u00e9n se asocia con retraso en la cicatrizaci\u00f3n y en la recuperaci\u00f3n tras la cirug\u00eda, prolonga la estancia hospitalaria y aumenta la frecuencia de reingresos y el \u00edndice de institucionalizaci\u00f3n tras el alta. En m\u00e1s del 50% de los casos la malnutrici\u00f3n se debe a causas reversibles y la intervenci\u00f3n nutricional asociada al tratamiento etiol\u00f3gico es \u00fatil para revertir dicha situaci\u00f3n.<\/p>\n\n\n\n<h2 class=\"wp-block-heading\">Causas de la malnutrici\u00f3n<\/h2>\n\n\n\n<p><strong>Cambios fisiol\u00f3gicos asociados al envejecimiento:<\/strong> la ausencia de piezas dentales que dificulta la masticaci\u00f3n. La disminuci\u00f3n del sentido del gusto y del olfato, que reducen la sensaci\u00f3n placentera asociada a la ingesta. La alteraci\u00f3n de la motilidad gastrointestinal, que da lugar a disfagia, distensi\u00f3n g\u00e1strica y saciedad.<\/p>\n\n\n\n<p><strong>Deterioro funcional<\/strong>: que dificulta o impide la realizaci\u00f3n de tareas necesarias para alimentarse como<br>comprar y cocinar la comida, o manejar los cubiertos.<\/p>\n\n\n\n<p><strong>Deterioro cognitivo:<\/strong> lleva siempre asociadas graves consecuencias funcionales que le impiden la planificaci\u00f3n y la ejecuci\u00f3n del proceso de alimentaci\u00f3n. <\/p>\n\n\n\n<p><strong>Depresi\u00f3n: <\/strong>que incluye en sus criterios diagn\u00f3sticos la p\u00e9rdida o ganancia de peso, subyace en muchos<br>de los casos de malnutrici\u00f3n geri\u00e1trica, por lo que es imprescindible evaluarla en todos los casos. Conoce m\u00e1s acerca de la <a href=\"https:\/\/clinicadeladultomayor.com\/en\/depresion-en-adultos-mayores\/\" target=\"_blank\" rel=\"noreferrer noopener\">depresi\u00f3n aqu\u00ed.<\/a><\/p>\n\n\n\n<p><strong>Factores sociales, pobreza, aislamiento social:<\/strong> aparte de que los ingresos econ\u00f3micos de algunos<br>ancianos no son suficientes para mantener una dieta fresca y completa, la soledad en que viven muchos<br>ancianos deteriora el importante componente social que trae consigo el acto de alimentarse. H\u00e1bitos con<br>componente social, como el alcoholismo, son causa de algunos casos de malnutrici\u00f3n.<\/p>\n\n\n\n<h2 class=\"wp-block-heading\">Consecuencias <\/h2>\n\n\n\n<p>\u2014 P\u00e9rdida de peso y masa grasa, flacidez y pliegues cut\u00e1neos.<br>\u2014 Edema, hepatomegalia, diarrea.<br>\u2014 Alteraci\u00f3n de la respuesta inmune, mayor incidencia de infecciones.<br>\u2014 Sarcopenia y p\u00e9rdida de fuerza muscular: ca\u00eddas y fracturas, riesgo de neumon\u00eda.<br>\u2014 Astenia, depresi\u00f3n y mayor anorexia.<br>\u2014 Riesgo de intoxicaci\u00f3n farmacol\u00f3gica por reducci\u00f3n de fracci\u00f3n libre de f\u00e1rmacos con alta afinidad por alb\u00famina y menor eficacia del metabolismo hep\u00e1tico.<\/p>\n\n\n\n<p>En resumen, la malnutrici\u00f3n es algo que podr\u00eda afectar f\u00e1cilmente a los adultos mayores, aunque parezca que est\u00e1n sanos, por ello es muy importante que se mantengan en control con un m\u00e9dico, o que se realicen una valoraci\u00f3n nutricional cada cierto tiempo.<\/p>\n\n\n\n<p>Recuerda que como cl\u00ednica del adulto mayor somos especialistas en la atenci\u00f3n m\u00e9dica al adulto mayor. Para mayor informaci\u00f3n de nuestros servicios para tus seres queridos, cont\u00e1ctanos por medio de nuestras redes sociales (<a href=\"https:\/\/www.facebook.com\/geriatraSV\">(Facebook,<\/a>,\u00a0<a href=\"https:\/\/www.instagram.com\/geriatra.sv\/\">Instagram<\/a>\u00a0and\u00a0<a href=\"https:\/\/wa.me\/message\/XBV7L4YD3EX2H1\">WhatsApp)<\/a>and email. Or make your appointment\u00a0<a href=\"https:\/\/clinicadeladultomayor.com\/index.php\/agendar-cita\/\" target=\"_blank\" rel=\"noreferrer noopener\">here<\/a>Senior Citizen \nClinic, accompanying you towards an active and healthy old age.<\/p>","protected":false},"excerpt":{"rendered":"<p>La malnutrici\u00f3n forma parte de los grandes s\u00edndromes geri\u00e1tricos y es factor de fragilidad. No solo constituye una patolog\u00eda en s\u00ed misma, sino que su presencia se asocia a aumento de la mortalidad y de la discapacidad, mayor frecuencia de ca\u00eddas y fracturas, empeora el deterioro cognitivo. Tambi\u00e9n se asocia con retraso en la cicatrizaci\u00f3n [&hellip;]<\/p>\n","protected":false},"author":2,"featured_media":570,"comment_status":"open","ping_status":"open","sticky":false,"template":"","format":"standard","meta":{"pagelayer_contact_templates":[],"_pagelayer_content":"","footnotes":""},"categories":[14,15,25],"tags":[34,47,30,85,92,43,40,91,45,79,44,52],"class_list":["post-569","post","type-post","status-publish","format-standard","has-post-thumbnail","hentry","category-enfermedades-comunes","category-enfermedades-cronicas","category-informacion-general","tag-asistencia-geriatrica-el-salvador","tag-atencion-medica-para-adultos-mayores-san-salvador","tag-consulta-medica-en-el-salvador-2","tag-depresion","tag-evaluacion-nutricional","tag-geriatra-en-san-salvador","tag-gerontologo-el-salvador","tag-malnutricion","tag-medico-geriatra-el-salvador","tag-sindromes-geriatricos","tag-tratamiento-de-enfermedades-cronicas-el-salvador","tag-tratamiento-de-enfermedades-san-salvador"],"yoast_head":"<!-- This site is optimized with the Yoast SEO plugin v27.4 - https:\/\/yoast.com\/product\/yoast-seo-wordpress\/ -->\n<title>Malnutrici\u00f3n: Causas y efectos en adultos mayores | Cl\u00ednica del adulto mayor<\/title>\n<meta name=\"description\" content=\"La malnutrici\u00f3n es un problema que podemos pasar por alto, por ello es importante conocer sus causas y consecuencias.\" \/>\n<meta name=\"robots\" content=\"index, follow, max-snippet:-1, max-image-preview:large, max-video-preview:-1\" \/>\n<link rel=\"canonical\" href=\"https:\/\/clinicadeladultomayor.com\/en\/malnutricion-causas-y-efectos-en-adultos-mayores\/\" \/>\n<meta property=\"og:locale\" content=\"en_US\" \/>\n<meta property=\"og:type\" content=\"article\" \/>\n<meta property=\"og:title\" content=\"Malnutrici\u00f3n: Causas y efectos en adultos mayores | Cl\u00ednica del adulto mayor\" \/>\n<meta property=\"og:description\" content=\"La malnutrici\u00f3n es un problema que podemos pasar por alto, por ello es importante conocer sus causas y consecuencias.\" \/>\n<meta property=\"og:url\" content=\"https:\/\/clinicadeladultomayor.com\/en\/malnutricion-causas-y-efectos-en-adultos-mayores\/\" \/>\n<meta property=\"og:site_name\" content=\"Cl\u00ednica del adulto mayor\" \/>\n<meta property=\"article:published_time\" content=\"2022-08-17T21:46:58+00:00\" \/>\n<meta property=\"article:modified_time\" content=\"2022-08-17T21:47:00+00:00\" \/>\n<meta property=\"og:image\" content=\"https:\/\/clinicadeladultomayor.com\/wp-content\/uploads\/2022\/08\/web-blog-17.png\" \/>\n\t<meta property=\"og:image:width\" content=\"1280\" \/>\n\t<meta property=\"og:image:height\" content=\"720\" \/>\n\t<meta property=\"og:image:type\" content=\"image\/png\" \/>\n<meta name=\"author\" content=\"Yolanda Estrada\" \/>\n<meta name=\"twitter:card\" content=\"summary_large_image\" \/>\n<meta name=\"twitter:label1\" content=\"Written by\" \/>\n\t<meta name=\"twitter:data1\" content=\"Yolanda Estrada\" \/>\n\t<meta name=\"twitter:label2\" content=\"Est. reading time\" \/>\n\t<meta name=\"twitter:data2\" content=\"3 minutes\" \/>\n<script type=\"application\/ld+json\" class=\"yoast-schema-graph\">{\"@context\":\"https:\\\/\\\/schema.org\",\"@graph\":[{\"@type\":\"Article\",\"@id\":\"https:\\\/\\\/clinicadeladultomayor.com\\\/malnutricion-causas-y-efectos-en-adultos-mayores\\\/#article\",\"isPartOf\":{\"@id\":\"https:\\\/\\\/clinicadeladultomayor.com\\\/malnutricion-causas-y-efectos-en-adultos-mayores\\\/\"},\"author\":{\"name\":\"Yolanda Estrada\",\"@id\":\"https:\\\/\\\/clinicadeladultomayor.com\\\/#\\\/schema\\\/person\\\/057f90718f1cd70a500f80ef1b128857\"},\"headline\":\"Malnutrici\u00f3n: Causas y efectos en adultos mayores\",\"datePublished\":\"2022-08-17T21:46:58+00:00\",\"dateModified\":\"2022-08-17T21:47:00+00:00\",\"mainEntityOfPage\":{\"@id\":\"https:\\\/\\\/clinicadeladultomayor.com\\\/malnutricion-causas-y-efectos-en-adultos-mayores\\\/\"},\"wordCount\":525,\"commentCount\":1,\"publisher\":{\"@id\":\"https:\\\/\\\/clinicadeladultomayor.com\\\/#organization\"},\"image\":{\"@id\":\"https:\\\/\\\/clinicadeladultomayor.com\\\/malnutricion-causas-y-efectos-en-adultos-mayores\\\/#primaryimage\"},\"thumbnailUrl\":\"https:\\\/\\\/clinicadeladultomayor.com\\\/wp-content\\\/uploads\\\/2022\\\/08\\\/web-blog-17.png\",\"keywords\":[\"Asistencia geri\u00e1trica El Salvador\",\"Atenci\u00f3n m\u00e9dica para adultos mayores San Salvador\",\"consulta m\u00e9dica en El Salvador\",\"Depresi\u00f3n\",\"Evaluaci\u00f3n nutricional\",\"Geriatra en San Salvador\",\"Geront\u00f3logo El Salvador\",\"Malnutrici\u00f3n\",\"M\u00e9dico geriatra El salvador\",\"S\u00edndromes geri\u00e1tricos\",\"Tratamiento de enfermedades cr\u00f3nicas El Salvador\",\"Tratamiento de enfermedades San Salvador\"],\"articleSection\":[\"Enfermedades comunes\",\"Enfermedades cr\u00f3nicas\",\"Informaci\u00f3n general\"],\"inLanguage\":\"en-US\",\"potentialAction\":[{\"@type\":\"CommentAction\",\"name\":\"Comment\",\"target\":[\"https:\\\/\\\/clinicadeladultomayor.com\\\/malnutricion-causas-y-efectos-en-adultos-mayores\\\/#respond\"]}]},{\"@type\":\"WebPage\",\"@id\":\"https:\\\/\\\/clinicadeladultomayor.com\\\/malnutricion-causas-y-efectos-en-adultos-mayores\\\/\",\"url\":\"https:\\\/\\\/clinicadeladultomayor.com\\\/malnutricion-causas-y-efectos-en-adultos-mayores\\\/\",\"name\":\"Malnutrici\u00f3n: Causas y efectos en adultos mayores | Cl\u00ednica del adulto mayor\",\"isPartOf\":{\"@id\":\"https:\\\/\\\/clinicadeladultomayor.com\\\/#website\"},\"primaryImageOfPage\":{\"@id\":\"https:\\\/\\\/clinicadeladultomayor.com\\\/malnutricion-causas-y-efectos-en-adultos-mayores\\\/#primaryimage\"},\"image\":{\"@id\":\"https:\\\/\\\/clinicadeladultomayor.com\\\/malnutricion-causas-y-efectos-en-adultos-mayores\\\/#primaryimage\"},\"thumbnailUrl\":\"https:\\\/\\\/clinicadeladultomayor.com\\\/wp-content\\\/uploads\\\/2022\\\/08\\\/web-blog-17.png\",\"datePublished\":\"2022-08-17T21:46:58+00:00\",\"dateModified\":\"2022-08-17T21:47:00+00:00\",\"description\":\"La malnutrici\u00f3n es un problema que podemos pasar por alto, por ello es importante conocer sus causas y consecuencias.\",\"breadcrumb\":{\"@id\":\"https:\\\/\\\/clinicadeladultomayor.com\\\/malnutricion-causas-y-efectos-en-adultos-mayores\\\/#breadcrumb\"},\"inLanguage\":\"en-US\",\"potentialAction\":[{\"@type\":\"ReadAction\",\"target\":[\"https:\\\/\\\/clinicadeladultomayor.com\\\/malnutricion-causas-y-efectos-en-adultos-mayores\\\/\"]}]},{\"@type\":\"ImageObject\",\"inLanguage\":\"en-US\",\"@id\":\"https:\\\/\\\/clinicadeladultomayor.com\\\/malnutricion-causas-y-efectos-en-adultos-mayores\\\/#primaryimage\",\"url\":\"https:\\\/\\\/clinicadeladultomayor.com\\\/wp-content\\\/uploads\\\/2022\\\/08\\\/web-blog-17.png\",\"contentUrl\":\"https:\\\/\\\/clinicadeladultomayor.com\\\/wp-content\\\/uploads\\\/2022\\\/08\\\/web-blog-17.png\",\"width\":1280,\"height\":720,\"caption\":\"malnutrici\u00f3n, tratamiento, geriatra el salvador\"},{\"@type\":\"BreadcrumbList\",\"@id\":\"https:\\\/\\\/clinicadeladultomayor.com\\\/malnutricion-causas-y-efectos-en-adultos-mayores\\\/#breadcrumb\",\"itemListElement\":[{\"@type\":\"ListItem\",\"position\":1,\"name\":\"Portada\",\"item\":\"https:\\\/\\\/clinicadeladultomayor.com\\\/\"},{\"@type\":\"ListItem\",\"position\":2,\"name\":\"Malnutrici\u00f3n: Causas y efectos en adultos mayores\"}]},{\"@type\":\"WebSite\",\"@id\":\"https:\\\/\\\/clinicadeladultomayor.com\\\/#website\",\"url\":\"https:\\\/\\\/clinicadeladultomayor.com\\\/\",\"name\":\"Cl\u00ednica del adulto mayor\",\"description\":\"Clinica geriatrica especializada en la atenci\u00f3n del adulto mayor en El Salvador. Acompa\u00f1andote hacia una vejez activa y saludable.\",\"publisher\":{\"@id\":\"https:\\\/\\\/clinicadeladultomayor.com\\\/#organization\"},\"potentialAction\":[{\"@type\":\"SearchAction\",\"target\":{\"@type\":\"EntryPoint\",\"urlTemplate\":\"https:\\\/\\\/clinicadeladultomayor.com\\\/?s={search_term_string}\"},\"query-input\":{\"@type\":\"PropertyValueSpecification\",\"valueRequired\":true,\"valueName\":\"search_term_string\"}}],\"inLanguage\":\"en-US\"},{\"@type\":\"Organization\",\"@id\":\"https:\\\/\\\/clinicadeladultomayor.com\\\/#organization\",\"name\":\"Cl\u00ednica del adulto mayor\",\"url\":\"https:\\\/\\\/clinicadeladultomayor.com\\\/\",\"logo\":{\"@type\":\"ImageObject\",\"inLanguage\":\"en-US\",\"@id\":\"https:\\\/\\\/clinicadeladultomayor.com\\\/#\\\/schema\\\/logo\\\/image\\\/\",\"url\":\"https:\\\/\\\/clinicadeladultomayor.com\\\/wp-content\\\/uploads\\\/2022\\\/05\\\/LOGO-CLINICA-DEL-ADULTO-MAYOR-LETRAS-TURQUESAS.png\",\"contentUrl\":\"https:\\\/\\\/clinicadeladultomayor.com\\\/wp-content\\\/uploads\\\/2022\\\/05\\\/LOGO-CLINICA-DEL-ADULTO-MAYOR-LETRAS-TURQUESAS.png\",\"width\":1200,\"height\":1200,\"caption\":\"Cl\u00ednica del adulto mayor\"},\"image\":{\"@id\":\"https:\\\/\\\/clinicadeladultomayor.com\\\/#\\\/schema\\\/logo\\\/image\\\/\"}},{\"@type\":\"Person\",\"@id\":\"https:\\\/\\\/clinicadeladultomayor.com\\\/#\\\/schema\\\/person\\\/057f90718f1cd70a500f80ef1b128857\",\"name\":\"Yolanda Estrada\",\"image\":{\"@type\":\"ImageObject\",\"inLanguage\":\"en-US\",\"@id\":\"https:\\\/\\\/secure.gravatar.com\\\/avatar\\\/5dcd0d480ae645caa5bcc658b29547a11f88dc9b78be4586b5d57fc1a949d94f?s=96&d=mm&r=g\",\"url\":\"https:\\\/\\\/secure.gravatar.com\\\/avatar\\\/5dcd0d480ae645caa5bcc658b29547a11f88dc9b78be4586b5d57fc1a949d94f?s=96&d=mm&r=g\",\"contentUrl\":\"https:\\\/\\\/secure.gravatar.com\\\/avatar\\\/5dcd0d480ae645caa5bcc658b29547a11f88dc9b78be4586b5d57fc1a949d94f?s=96&d=mm&r=g\",\"caption\":\"Yolanda Estrada\"},\"url\":\"https:\\\/\\\/clinicadeladultomayor.com\\\/en\\\/author\\\/yolanda-estrada\\\/\"}]}<\/script>\n<!-- \/ Yoast SEO plugin. -->","yoast_head_json":{"title":"Malnutrici\u00f3n: Causas y efectos en adultos mayores | Cl\u00ednica del adulto mayor","description":"La malnutrici\u00f3n es un problema que podemos pasar por alto, por ello es importante conocer sus causas y consecuencias.","robots":{"index":"index","follow":"follow","max-snippet":"max-snippet:-1","max-image-preview":"max-image-preview:large","max-video-preview":"max-video-preview:-1"},"canonical":"https:\/\/clinicadeladultomayor.com\/en\/malnutricion-causas-y-efectos-en-adultos-mayores\/","og_locale":"en_US","og_type":"article","og_title":"Malnutrici\u00f3n: Causas y efectos en adultos mayores | Cl\u00ednica del adulto mayor","og_description":"La malnutrici\u00f3n es un problema que podemos pasar por alto, por ello es importante conocer sus causas y consecuencias.","og_url":"https:\/\/clinicadeladultomayor.com\/en\/malnutricion-causas-y-efectos-en-adultos-mayores\/","og_site_name":"Cl\u00ednica del adulto mayor","article_published_time":"2022-08-17T21:46:58+00:00","article_modified_time":"2022-08-17T21:47:00+00:00","og_image":[{"width":1280,"height":720,"url":"https:\/\/clinicadeladultomayor.com\/wp-content\/uploads\/2022\/08\/web-blog-17.png","type":"image\/png"}],"author":"Yolanda Estrada","twitter_card":"summary_large_image","twitter_misc":{"Written by":"Yolanda Estrada","Est. reading time":"3 minutes"},"schema":{"@context":"https:\/\/schema.org","@graph":[{"@type":"Article","@id":"https:\/\/clinicadeladultomayor.com\/malnutricion-causas-y-efectos-en-adultos-mayores\/#article","isPartOf":{"@id":"https:\/\/clinicadeladultomayor.com\/malnutricion-causas-y-efectos-en-adultos-mayores\/"},"author":{"name":"Yolanda Estrada","@id":"https:\/\/clinicadeladultomayor.com\/#\/schema\/person\/057f90718f1cd70a500f80ef1b128857"},"headline":"Malnutrici\u00f3n: Causas y efectos en adultos mayores","datePublished":"2022-08-17T21:46:58+00:00","dateModified":"2022-08-17T21:47:00+00:00","mainEntityOfPage":{"@id":"https:\/\/clinicadeladultomayor.com\/malnutricion-causas-y-efectos-en-adultos-mayores\/"},"wordCount":525,"commentCount":1,"publisher":{"@id":"https:\/\/clinicadeladultomayor.com\/#organization"},"image":{"@id":"https:\/\/clinicadeladultomayor.com\/malnutricion-causas-y-efectos-en-adultos-mayores\/#primaryimage"},"thumbnailUrl":"https:\/\/clinicadeladultomayor.com\/wp-content\/uploads\/2022\/08\/web-blog-17.png","keywords":["Asistencia geri\u00e1trica El Salvador","Atenci\u00f3n m\u00e9dica para adultos mayores San Salvador","consulta m\u00e9dica en El Salvador","Depresi\u00f3n","Evaluaci\u00f3n nutricional","Geriatra en San Salvador","Geront\u00f3logo El Salvador","Malnutrici\u00f3n","M\u00e9dico geriatra El salvador","S\u00edndromes geri\u00e1tricos","Tratamiento de enfermedades cr\u00f3nicas El Salvador","Tratamiento de enfermedades San Salvador"],"articleSection":["Enfermedades comunes","Enfermedades cr\u00f3nicas","Informaci\u00f3n general"],"inLanguage":"en-US","potentialAction":[{"@type":"CommentAction","name":"Comment","target":["https:\/\/clinicadeladultomayor.com\/malnutricion-causas-y-efectos-en-adultos-mayores\/#respond"]}]},{"@type":"WebPage","@id":"https:\/\/clinicadeladultomayor.com\/malnutricion-causas-y-efectos-en-adultos-mayores\/","url":"https:\/\/clinicadeladultomayor.com\/malnutricion-causas-y-efectos-en-adultos-mayores\/","name":"Malnutrici\u00f3n: Causas y efectos en adultos mayores | Cl\u00ednica del adulto mayor","isPartOf":{"@id":"https:\/\/clinicadeladultomayor.com\/#website"},"primaryImageOfPage":{"@id":"https:\/\/clinicadeladultomayor.com\/malnutricion-causas-y-efectos-en-adultos-mayores\/#primaryimage"},"image":{"@id":"https:\/\/clinicadeladultomayor.com\/malnutricion-causas-y-efectos-en-adultos-mayores\/#primaryimage"},"thumbnailUrl":"https:\/\/clinicadeladultomayor.com\/wp-content\/uploads\/2022\/08\/web-blog-17.png","datePublished":"2022-08-17T21:46:58+00:00","dateModified":"2022-08-17T21:47:00+00:00","description":"La malnutrici\u00f3n es un problema que podemos pasar por alto, por ello es importante conocer sus causas y consecuencias.","breadcrumb":{"@id":"https:\/\/clinicadeladultomayor.com\/malnutricion-causas-y-efectos-en-adultos-mayores\/#breadcrumb"},"inLanguage":"en-US","potentialAction":[{"@type":"ReadAction","target":["https:\/\/clinicadeladultomayor.com\/malnutricion-causas-y-efectos-en-adultos-mayores\/"]}]},{"@type":"ImageObject","inLanguage":"en-US","@id":"https:\/\/clinicadeladultomayor.com\/malnutricion-causas-y-efectos-en-adultos-mayores\/#primaryimage","url":"https:\/\/clinicadeladultomayor.com\/wp-content\/uploads\/2022\/08\/web-blog-17.png","contentUrl":"https:\/\/clinicadeladultomayor.com\/wp-content\/uploads\/2022\/08\/web-blog-17.png","width":1280,"height":720,"caption":"malnutrici\u00f3n, tratamiento, geriatra el salvador"},{"@type":"BreadcrumbList","@id":"https:\/\/clinicadeladultomayor.com\/malnutricion-causas-y-efectos-en-adultos-mayores\/#breadcrumb","itemListElement":[{"@type":"ListItem","position":1,"name":"Portada","item":"https:\/\/clinicadeladultomayor.com\/"},{"@type":"ListItem","position":2,"name":"Malnutrici\u00f3n: Causas y efectos en adultos mayores"}]},{"@type":"WebSite","@id":"https:\/\/clinicadeladultomayor.com\/#website","url":"https:\/\/clinicadeladultomayor.com\/","name":"Cl\u00ednica del adulto mayor","description":"Clinica geriatrica especializada en la atenci\u00f3n del adulto mayor en El Salvador. Acompa\u00f1andote hacia una vejez activa y saludable.","publisher":{"@id":"https:\/\/clinicadeladultomayor.com\/#organization"},"potentialAction":[{"@type":"SearchAction","target":{"@type":"EntryPoint","urlTemplate":"https:\/\/clinicadeladultomayor.com\/?s={search_term_string}"},"query-input":{"@type":"PropertyValueSpecification","valueRequired":true,"valueName":"search_term_string"}}],"inLanguage":"en-US"},{"@type":"Organization","@id":"https:\/\/clinicadeladultomayor.com\/#organization","name":"Cl\u00ednica del adulto mayor","url":"https:\/\/clinicadeladultomayor.com\/","logo":{"@type":"ImageObject","inLanguage":"en-US","@id":"https:\/\/clinicadeladultomayor.com\/#\/schema\/logo\/image\/","url":"https:\/\/clinicadeladultomayor.com\/wp-content\/uploads\/2022\/05\/LOGO-CLINICA-DEL-ADULTO-MAYOR-LETRAS-TURQUESAS.png","contentUrl":"https:\/\/clinicadeladultomayor.com\/wp-content\/uploads\/2022\/05\/LOGO-CLINICA-DEL-ADULTO-MAYOR-LETRAS-TURQUESAS.png","width":1200,"height":1200,"caption":"Cl\u00ednica del adulto mayor"},"image":{"@id":"https:\/\/clinicadeladultomayor.com\/#\/schema\/logo\/image\/"}},{"@type":"Person","@id":"https:\/\/clinicadeladultomayor.com\/#\/schema\/person\/057f90718f1cd70a500f80ef1b128857","name":"Yolanda Estrada","image":{"@type":"ImageObject","inLanguage":"en-US","@id":"https:\/\/secure.gravatar.com\/avatar\/5dcd0d480ae645caa5bcc658b29547a11f88dc9b78be4586b5d57fc1a949d94f?s=96&d=mm&r=g","url":"https:\/\/secure.gravatar.com\/avatar\/5dcd0d480ae645caa5bcc658b29547a11f88dc9b78be4586b5d57fc1a949d94f?s=96&d=mm&r=g","contentUrl":"https:\/\/secure.gravatar.com\/avatar\/5dcd0d480ae645caa5bcc658b29547a11f88dc9b78be4586b5d57fc1a949d94f?s=96&d=mm&r=g","caption":"Yolanda Estrada"},"url":"https:\/\/clinicadeladultomayor.com\/en\/author\/yolanda-estrada\/"}]}},"_links":{"self":[{"href":"https:\/\/clinicadeladultomayor.com\/en\/wp-json\/wp\/v2\/posts\/569","targetHints":{"allow":["GET"]}}],"collection":[{"href":"https:\/\/clinicadeladultomayor.com\/en\/wp-json\/wp\/v2\/posts"}],"about":[{"href":"https:\/\/clinicadeladultomayor.com\/en\/wp-json\/wp\/v2\/types\/post"}],"author":[{"embeddable":true,"href":"https:\/\/clinicadeladultomayor.com\/en\/wp-json\/wp\/v2\/users\/2"}],"replies":[{"embeddable":true,"href":"https:\/\/clinicadeladultomayor.com\/en\/wp-json\/wp\/v2\/comments?post=569"}],"version-history":[{"count":1,"href":"https:\/\/clinicadeladultomayor.com\/en\/wp-json\/wp\/v2\/posts\/569\/revisions"}],"predecessor-version":[{"id":571,"href":"https:\/\/clinicadeladultomayor.com\/en\/wp-json\/wp\/v2\/posts\/569\/revisions\/571"}],"wp:featuredmedia":[{"embeddable":true,"href":"https:\/\/clinicadeladultomayor.com\/en\/wp-json\/wp\/v2\/media\/570"}],"wp:attachment":[{"href":"https:\/\/clinicadeladultomayor.com\/en\/wp-json\/wp\/v2\/media?parent=569"}],"wp:term":[{"taxonomy":"category","embeddable":true,"href":"https:\/\/clinicadeladultomayor.com\/en\/wp-json\/wp\/v2\/categories?post=569"},{"taxonomy":"post_tag","embeddable":true,"href":"https:\/\/clinicadeladultomayor.com\/en\/wp-json\/wp\/v2\/tags?post=569"}],"curies":[{"name":"wp","href":"https:\/\/api.w.org\/{rel}","templated":true}]}}