{"id":617,"date":"2022-08-25T22:57:33","date_gmt":"2022-08-25T22:57:33","guid":{"rendered":"https:\/\/clinicadeladultomayor.com\/?p=617"},"modified":"2022-08-25T22:57:34","modified_gmt":"2022-08-25T22:57:34","slug":"trastornos-del-sueno-en-adultos-mayores","status":"publish","type":"post","link":"https:\/\/clinicadeladultomayor.com\/en\/trastornos-del-sueno-en-adultos-mayores\/","title":{"rendered":"Trastornos del sue\u00f1o en adultos mayores"},"content":{"rendered":"<p>En la tercera edad son cada vez m\u00e1s comunes los problemas para conciliar el sue\u00f1o. Estad\u00edsticamente, m\u00e1s de la mitad de los adultos mayores que bien en su domicilio padecen alguno de los trastornos del sue\u00f1o. Siendo las personas del sexo femenino las m\u00e1s afectadas. A excepci\u00f3n de la apnea del sue\u00f1o, que es m\u00e1s frecuente en los hombres. En el envejecimiento hay un descenso en la cantidad y calidad del sue\u00f1o<\/p>\n\n\n\n<h2 class=\"wp-block-heading\">Clasificaci\u00f3n de los trastornos mayores del sue\u00f1o en el adulto mayor<\/h2>\n\n\n\n<p>Seg\u00fan la ASDC (Asociaci\u00f3n Americana de los Trastornos del Sue\u00f1o) se clasifican en:<\/p>\n\n\n\n<ul class=\"wp-block-list\"><li><strong>Disomnias:<\/strong><\/li><li>Trastornos intr\u00ednsecos del sue\u00f1o:<\/li><li>Insomnio primario, idiop\u00e1tico o psicofisiol\u00f3gico.<\/li><li>Apnea del sue\u00f1o.<\/li><li>S\u00edndrome de las piernas inquietas.<\/li><li>Hipersomnias.<\/li><li>Narcolepsia.<\/li><li>Trastornos extr\u00ednsecos del sue\u00f1o.<\/li><li>Trastornos del ritmo circadiano del sue\u00f1o.<\/li><li><strong>Parasomnias.<\/strong><\/li><li><strong>Trastornos del sue\u00f1o asociados con enfermedades m\u00e9dicas o psiqui\u00e1tricas.<\/strong><\/li><\/ul>\n\n\n\n<p>Siendo el insomnio el trastorno del sue\u00f1o m\u00e1s frecuente en el adulto mayor.<\/p>\n\n\n\n<h2 class=\"wp-block-heading\">Diagn\u00f3stico geri\u00e1trico<\/h2>\n\n\n\n<p>Para el diagn\u00f3stico de los trastornos del sue\u00f1o es necesario que el m\u00e9dico geriatra revise:<\/p>\n\n\n\n<ul class=\"wp-block-list\"><li>Historia cl\u00ednica geri\u00e1trica completa: que incluya patolog\u00edas m\u00e9dicas, tratamientos farmacol\u00f3gicos, t\u00f3xicos, excitantes. Descripci\u00f3n de la situaci\u00f3n basal, cardiorrespiratoria, funcional, cognitivo-afectiva y socio familiar.<\/li><li>Historia del sue\u00f1o: cronolog\u00eda, duraci\u00f3n, dificultad, afectaci\u00f3n de comportamiento, sintomatolog\u00eda acompa\u00f1ante, antecedentes familiares, diario del sue\u00f1o y una exploraci\u00f3n f\u00edsica completa, entre otras pruebas completar\u00edas.<\/li><\/ul>\n\n\n\n<h3 class=\"wp-block-heading\">Tratamiento geri\u00e1trico en El Salvador<\/h3>\n\n\n\n<p>El tratamiento debe ser individualizado y se debe realizar un diagn\u00f3stico y tratamiento espec\u00edficos de la<br>enfermedad subyacente s\u00ed existe. Se debe hacer de forma individualizada debido a que las circunstancias, enfermedades, etc. de cada adulto mayor es diferente. <\/p>\n\n\n\n<p>Para encontrar tratamiento m\u00e9dico adecuado en El Salvador, te recomendamos visitar nuestra cl\u00ednica del adulto mayor. \u00a0Para mayor informaci\u00f3n de nuestros servicios para tus seres queridos, cont\u00e1ctanos por medio de nuestras redes sociales (<a href=\"https:\/\/www.facebook.com\/geriatraSV\">(Facebook,<\/a>,\u00a0<a href=\"https:\/\/www.instagram.com\/geriatra.sv\/\">Instagram<\/a>\u00a0and\u00a0<a href=\"https:\/\/wa.me\/message\/XBV7L4YD3EX2H1\">WhatsApp)<\/a>and email. Or make your appointment\u00a0<a href=\"https:\/\/clinicadeladultomayor.com\/index.php\/agendar-cita\/\" target=\"_blank\" rel=\"noreferrer noopener\">here<\/a>Senior Citizen \nClinic, accompanying you towards an active and healthy old age.<\/p>","protected":false},"excerpt":{"rendered":"<p>En la tercera edad son cada vez m\u00e1s comunes los problemas para conciliar el sue\u00f1o. Estad\u00edsticamente, m\u00e1s de la mitad de los adultos mayores que bien en su domicilio padecen alguno de los trastornos del sue\u00f1o. Siendo las personas del sexo femenino las m\u00e1s afectadas. A excepci\u00f3n de la apnea del sue\u00f1o, que es m\u00e1s [&hellip;]<\/p>\n","protected":false},"author":2,"featured_media":618,"comment_status":"open","ping_status":"open","sticky":false,"template":"","format":"standard","meta":{"pagelayer_contact_templates":[],"_pagelayer_content":"","footnotes":""},"categories":[14,25],"tags":[34,47,53,29,30,54,33,32,18,60,61,42,43,22,27,51,59,40,45,46,79,44,52],"class_list":["post-617","post","type-post","status-publish","format-standard","has-post-thumbnail","hentry","category-enfermedades-comunes","category-informacion-general","tag-asistencia-geriatrica-el-salvador","tag-atencion-medica-para-adultos-mayores-san-salvador","tag-consulta-domiciliaria-en-san-salvador","tag-consulta-medica-en-el-salvador","tag-consulta-medica-en-el-salvador-2","tag-consulta-medica-geriatrica-en-san-salvador","tag-cuidado-del-adulto-mayor-el-salvador","tag-cuidador-profesional-el-salvador","tag-enfermedad-cronica","tag-especialista-en-adultos-mayores","tag-especialista-en-geriatria-el-salvador","tag-geriatra-el-salvador","tag-geriatra-en-san-salvador","tag-geriatria","tag-geriatria-2","tag-geriatria-en-el-salvador","tag-gerontologia-san-salvador","tag-gerontologo-el-salvador","tag-medico-geriatra-el-salvador","tag-medico-gerontologo-san-salvador","tag-sindromes-geriatricos","tag-tratamiento-de-enfermedades-cronicas-el-salvador","tag-tratamiento-de-enfermedades-san-salvador"],"yoast_head":"<!-- This site is optimized with the Yoast SEO plugin v27.4 - https:\/\/yoast.com\/product\/yoast-seo-wordpress\/ -->\n<title>Trastornos del sue\u00f1o en adultos mayores | Cl\u00ednica del adulto mayor<\/title>\n<meta name=\"description\" content=\"Mientras envejecemos puede que tengamos dif\u00edcilmente un buen sue\u00f1o, conoce los trastornos que tal vez afecten tu tiempo con la almohada.\" \/>\n<meta name=\"robots\" content=\"index, follow, max-snippet:-1, max-image-preview:large, max-video-preview:-1\" \/>\n<link rel=\"canonical\" href=\"https:\/\/clinicadeladultomayor.com\/en\/trastornos-del-sueno-en-adultos-mayores\/\" \/>\n<meta property=\"og:locale\" content=\"en_US\" \/>\n<meta property=\"og:type\" content=\"article\" \/>\n<meta property=\"og:title\" content=\"Trastornos del sue\u00f1o en adultos mayores | Cl\u00ednica del adulto mayor\" \/>\n<meta property=\"og:description\" content=\"Mientras envejecemos puede que tengamos dif\u00edcilmente un buen sue\u00f1o, conoce los trastornos que tal vez afecten tu tiempo con la almohada.\" \/>\n<meta property=\"og:url\" content=\"https:\/\/clinicadeladultomayor.com\/en\/trastornos-del-sueno-en-adultos-mayores\/\" \/>\n<meta property=\"og:site_name\" content=\"Cl\u00ednica del adulto mayor\" \/>\n<meta property=\"article:published_time\" content=\"2022-08-25T22:57:33+00:00\" \/>\n<meta property=\"article:modified_time\" content=\"2022-08-25T22:57:34+00:00\" \/>\n<meta property=\"og:image\" content=\"https:\/\/clinicadeladultomayor.com\/wp-content\/uploads\/2022\/08\/web-blog25.png\" \/>\n\t<meta property=\"og:image:width\" content=\"1280\" \/>\n\t<meta property=\"og:image:height\" content=\"720\" \/>\n\t<meta property=\"og:image:type\" content=\"image\/png\" \/>\n<meta name=\"author\" content=\"Yolanda Estrada\" \/>\n<meta name=\"twitter:card\" content=\"summary_large_image\" \/>\n<meta name=\"twitter:label1\" content=\"Written by\" \/>\n\t<meta name=\"twitter:data1\" content=\"Yolanda Estrada\" \/>\n\t<meta name=\"twitter:label2\" content=\"Est. reading time\" \/>\n\t<meta name=\"twitter:data2\" content=\"2 minutes\" \/>\n<script type=\"application\/ld+json\" class=\"yoast-schema-graph\">{\"@context\":\"https:\\\/\\\/schema.org\",\"@graph\":[{\"@type\":\"Article\",\"@id\":\"https:\\\/\\\/clinicadeladultomayor.com\\\/trastornos-del-sueno-en-adultos-mayores\\\/#article\",\"isPartOf\":{\"@id\":\"https:\\\/\\\/clinicadeladultomayor.com\\\/trastornos-del-sueno-en-adultos-mayores\\\/\"},\"author\":{\"name\":\"Yolanda Estrada\",\"@id\":\"https:\\\/\\\/clinicadeladultomayor.com\\\/#\\\/schema\\\/person\\\/057f90718f1cd70a500f80ef1b128857\"},\"headline\":\"Trastornos del sue\u00f1o en adultos mayores\",\"datePublished\":\"2022-08-25T22:57:33+00:00\",\"dateModified\":\"2022-08-25T22:57:34+00:00\",\"mainEntityOfPage\":{\"@id\":\"https:\\\/\\\/clinicadeladultomayor.com\\\/trastornos-del-sueno-en-adultos-mayores\\\/\"},\"wordCount\":382,\"commentCount\":1,\"publisher\":{\"@id\":\"https:\\\/\\\/clinicadeladultomayor.com\\\/#organization\"},\"image\":{\"@id\":\"https:\\\/\\\/clinicadeladultomayor.com\\\/trastornos-del-sueno-en-adultos-mayores\\\/#primaryimage\"},\"thumbnailUrl\":\"https:\\\/\\\/clinicadeladultomayor.com\\\/wp-content\\\/uploads\\\/2022\\\/08\\\/web-blog25.png\",\"keywords\":[\"Asistencia geri\u00e1trica El Salvador\",\"Atenci\u00f3n m\u00e9dica para adultos mayores San Salvador\",\"Consulta domiciliaria en San Salvador\",\"consulta medica en El Salvador\",\"consulta m\u00e9dica en El Salvador\",\"Consulta m\u00e9dica geri\u00e1trica en San Salvador\",\"cuidado del adulto mayor El salvador\",\"cuidador profesional El Salvador\",\"Enfermedad cronica\",\"Especialista en adultos mayores\",\"Especialista en geriatr\u00eda El Salvador\",\"Geriatra El Salvador\",\"Geriatra en San Salvador\",\"geriatria\",\"geriatr\u00eda\",\"Geriatr\u00eda en El Salvador\",\"Gerontolog\u00eda San Salvador\",\"Geront\u00f3logo El Salvador\",\"M\u00e9dico geriatra El salvador\",\"M\u00e9dico gerontologo San Salvador\",\"S\u00edndromes geri\u00e1tricos\",\"Tratamiento de enfermedades cr\u00f3nicas El Salvador\",\"Tratamiento de enfermedades San Salvador\"],\"articleSection\":[\"Enfermedades comunes\",\"Informaci\u00f3n general\"],\"inLanguage\":\"en-US\",\"potentialAction\":[{\"@type\":\"CommentAction\",\"name\":\"Comment\",\"target\":[\"https:\\\/\\\/clinicadeladultomayor.com\\\/trastornos-del-sueno-en-adultos-mayores\\\/#respond\"]}]},{\"@type\":\"WebPage\",\"@id\":\"https:\\\/\\\/clinicadeladultomayor.com\\\/trastornos-del-sueno-en-adultos-mayores\\\/\",\"url\":\"https:\\\/\\\/clinicadeladultomayor.com\\\/trastornos-del-sueno-en-adultos-mayores\\\/\",\"name\":\"Trastornos del sue\u00f1o en adultos mayores | Cl\u00ednica del adulto mayor\",\"isPartOf\":{\"@id\":\"https:\\\/\\\/clinicadeladultomayor.com\\\/#website\"},\"primaryImageOfPage\":{\"@id\":\"https:\\\/\\\/clinicadeladultomayor.com\\\/trastornos-del-sueno-en-adultos-mayores\\\/#primaryimage\"},\"image\":{\"@id\":\"https:\\\/\\\/clinicadeladultomayor.com\\\/trastornos-del-sueno-en-adultos-mayores\\\/#primaryimage\"},\"thumbnailUrl\":\"https:\\\/\\\/clinicadeladultomayor.com\\\/wp-content\\\/uploads\\\/2022\\\/08\\\/web-blog25.png\",\"datePublished\":\"2022-08-25T22:57:33+00:00\",\"dateModified\":\"2022-08-25T22:57:34+00:00\",\"description\":\"Mientras envejecemos puede que tengamos dif\u00edcilmente un buen sue\u00f1o, conoce los trastornos que tal vez afecten tu tiempo con la almohada.\",\"breadcrumb\":{\"@id\":\"https:\\\/\\\/clinicadeladultomayor.com\\\/trastornos-del-sueno-en-adultos-mayores\\\/#breadcrumb\"},\"inLanguage\":\"en-US\",\"potentialAction\":[{\"@type\":\"ReadAction\",\"target\":[\"https:\\\/\\\/clinicadeladultomayor.com\\\/trastornos-del-sueno-en-adultos-mayores\\\/\"]}]},{\"@type\":\"ImageObject\",\"inLanguage\":\"en-US\",\"@id\":\"https:\\\/\\\/clinicadeladultomayor.com\\\/trastornos-del-sueno-en-adultos-mayores\\\/#primaryimage\",\"url\":\"https:\\\/\\\/clinicadeladultomayor.com\\\/wp-content\\\/uploads\\\/2022\\\/08\\\/web-blog25.png\",\"contentUrl\":\"https:\\\/\\\/clinicadeladultomayor.com\\\/wp-content\\\/uploads\\\/2022\\\/08\\\/web-blog25.png\",\"width\":1280,\"height\":720,\"caption\":\"trastornos del sue\u00f1o, m\u00e9dico geriatra el salvador, sv, sivar\"},{\"@type\":\"BreadcrumbList\",\"@id\":\"https:\\\/\\\/clinicadeladultomayor.com\\\/trastornos-del-sueno-en-adultos-mayores\\\/#breadcrumb\",\"itemListElement\":[{\"@type\":\"ListItem\",\"position\":1,\"name\":\"Portada\",\"item\":\"https:\\\/\\\/clinicadeladultomayor.com\\\/\"},{\"@type\":\"ListItem\",\"position\":2,\"name\":\"Trastornos del sue\u00f1o en adultos mayores\"}]},{\"@type\":\"WebSite\",\"@id\":\"https:\\\/\\\/clinicadeladultomayor.com\\\/#website\",\"url\":\"https:\\\/\\\/clinicadeladultomayor.com\\\/\",\"name\":\"Cl\u00ednica del adulto mayor\",\"description\":\"Clinica geriatrica especializada en la atenci\u00f3n del adulto mayor en El Salvador. Acompa\u00f1andote hacia una vejez activa y saludable.\",\"publisher\":{\"@id\":\"https:\\\/\\\/clinicadeladultomayor.com\\\/#organization\"},\"potentialAction\":[{\"@type\":\"SearchAction\",\"target\":{\"@type\":\"EntryPoint\",\"urlTemplate\":\"https:\\\/\\\/clinicadeladultomayor.com\\\/?s={search_term_string}\"},\"query-input\":{\"@type\":\"PropertyValueSpecification\",\"valueRequired\":true,\"valueName\":\"search_term_string\"}}],\"inLanguage\":\"en-US\"},{\"@type\":\"Organization\",\"@id\":\"https:\\\/\\\/clinicadeladultomayor.com\\\/#organization\",\"name\":\"Cl\u00ednica del adulto mayor\",\"url\":\"https:\\\/\\\/clinicadeladultomayor.com\\\/\",\"logo\":{\"@type\":\"ImageObject\",\"inLanguage\":\"en-US\",\"@id\":\"https:\\\/\\\/clinicadeladultomayor.com\\\/#\\\/schema\\\/logo\\\/image\\\/\",\"url\":\"https:\\\/\\\/clinicadeladultomayor.com\\\/wp-content\\\/uploads\\\/2022\\\/05\\\/LOGO-CLINICA-DEL-ADULTO-MAYOR-LETRAS-TURQUESAS.png\",\"contentUrl\":\"https:\\\/\\\/clinicadeladultomayor.com\\\/wp-content\\\/uploads\\\/2022\\\/05\\\/LOGO-CLINICA-DEL-ADULTO-MAYOR-LETRAS-TURQUESAS.png\",\"width\":1200,\"height\":1200,\"caption\":\"Cl\u00ednica del adulto mayor\"},\"image\":{\"@id\":\"https:\\\/\\\/clinicadeladultomayor.com\\\/#\\\/schema\\\/logo\\\/image\\\/\"}},{\"@type\":\"Person\",\"@id\":\"https:\\\/\\\/clinicadeladultomayor.com\\\/#\\\/schema\\\/person\\\/057f90718f1cd70a500f80ef1b128857\",\"name\":\"Yolanda Estrada\",\"image\":{\"@type\":\"ImageObject\",\"inLanguage\":\"en-US\",\"@id\":\"https:\\\/\\\/secure.gravatar.com\\\/avatar\\\/5dcd0d480ae645caa5bcc658b29547a11f88dc9b78be4586b5d57fc1a949d94f?s=96&d=mm&r=g\",\"url\":\"https:\\\/\\\/secure.gravatar.com\\\/avatar\\\/5dcd0d480ae645caa5bcc658b29547a11f88dc9b78be4586b5d57fc1a949d94f?s=96&d=mm&r=g\",\"contentUrl\":\"https:\\\/\\\/secure.gravatar.com\\\/avatar\\\/5dcd0d480ae645caa5bcc658b29547a11f88dc9b78be4586b5d57fc1a949d94f?s=96&d=mm&r=g\",\"caption\":\"Yolanda Estrada\"},\"url\":\"https:\\\/\\\/clinicadeladultomayor.com\\\/en\\\/author\\\/yolanda-estrada\\\/\"}]}<\/script>\n<!-- \/ Yoast SEO plugin. -->","yoast_head_json":{"title":"Trastornos del sue\u00f1o en adultos mayores | Cl\u00ednica del adulto mayor","description":"Mientras envejecemos puede que tengamos dif\u00edcilmente un buen sue\u00f1o, conoce los trastornos que tal vez afecten tu tiempo con la almohada.","robots":{"index":"index","follow":"follow","max-snippet":"max-snippet:-1","max-image-preview":"max-image-preview:large","max-video-preview":"max-video-preview:-1"},"canonical":"https:\/\/clinicadeladultomayor.com\/en\/trastornos-del-sueno-en-adultos-mayores\/","og_locale":"en_US","og_type":"article","og_title":"Trastornos del sue\u00f1o en adultos mayores | Cl\u00ednica del adulto mayor","og_description":"Mientras envejecemos puede que tengamos dif\u00edcilmente un buen sue\u00f1o, conoce los trastornos que tal vez afecten tu tiempo con la almohada.","og_url":"https:\/\/clinicadeladultomayor.com\/en\/trastornos-del-sueno-en-adultos-mayores\/","og_site_name":"Cl\u00ednica del adulto mayor","article_published_time":"2022-08-25T22:57:33+00:00","article_modified_time":"2022-08-25T22:57:34+00:00","og_image":[{"width":1280,"height":720,"url":"https:\/\/clinicadeladultomayor.com\/wp-content\/uploads\/2022\/08\/web-blog25.png","type":"image\/png"}],"author":"Yolanda Estrada","twitter_card":"summary_large_image","twitter_misc":{"Written by":"Yolanda Estrada","Est. reading time":"2 minutes"},"schema":{"@context":"https:\/\/schema.org","@graph":[{"@type":"Article","@id":"https:\/\/clinicadeladultomayor.com\/trastornos-del-sueno-en-adultos-mayores\/#article","isPartOf":{"@id":"https:\/\/clinicadeladultomayor.com\/trastornos-del-sueno-en-adultos-mayores\/"},"author":{"name":"Yolanda Estrada","@id":"https:\/\/clinicadeladultomayor.com\/#\/schema\/person\/057f90718f1cd70a500f80ef1b128857"},"headline":"Trastornos del sue\u00f1o en adultos mayores","datePublished":"2022-08-25T22:57:33+00:00","dateModified":"2022-08-25T22:57:34+00:00","mainEntityOfPage":{"@id":"https:\/\/clinicadeladultomayor.com\/trastornos-del-sueno-en-adultos-mayores\/"},"wordCount":382,"commentCount":1,"publisher":{"@id":"https:\/\/clinicadeladultomayor.com\/#organization"},"image":{"@id":"https:\/\/clinicadeladultomayor.com\/trastornos-del-sueno-en-adultos-mayores\/#primaryimage"},"thumbnailUrl":"https:\/\/clinicadeladultomayor.com\/wp-content\/uploads\/2022\/08\/web-blog25.png","keywords":["Asistencia geri\u00e1trica El Salvador","Atenci\u00f3n m\u00e9dica para adultos mayores San Salvador","Consulta domiciliaria en San Salvador","consulta medica en El Salvador","consulta m\u00e9dica en El Salvador","Consulta m\u00e9dica geri\u00e1trica en San Salvador","cuidado del adulto mayor El salvador","cuidador profesional El Salvador","Enfermedad cronica","Especialista en adultos mayores","Especialista en geriatr\u00eda El Salvador","Geriatra El Salvador","Geriatra en San Salvador","geriatria","geriatr\u00eda","Geriatr\u00eda en El Salvador","Gerontolog\u00eda San Salvador","Geront\u00f3logo El Salvador","M\u00e9dico geriatra El salvador","M\u00e9dico gerontologo San Salvador","S\u00edndromes geri\u00e1tricos","Tratamiento de enfermedades cr\u00f3nicas El Salvador","Tratamiento de enfermedades San Salvador"],"articleSection":["Enfermedades comunes","Informaci\u00f3n general"],"inLanguage":"en-US","potentialAction":[{"@type":"CommentAction","name":"Comment","target":["https:\/\/clinicadeladultomayor.com\/trastornos-del-sueno-en-adultos-mayores\/#respond"]}]},{"@type":"WebPage","@id":"https:\/\/clinicadeladultomayor.com\/trastornos-del-sueno-en-adultos-mayores\/","url":"https:\/\/clinicadeladultomayor.com\/trastornos-del-sueno-en-adultos-mayores\/","name":"Trastornos del sue\u00f1o en adultos mayores | Cl\u00ednica del adulto mayor","isPartOf":{"@id":"https:\/\/clinicadeladultomayor.com\/#website"},"primaryImageOfPage":{"@id":"https:\/\/clinicadeladultomayor.com\/trastornos-del-sueno-en-adultos-mayores\/#primaryimage"},"image":{"@id":"https:\/\/clinicadeladultomayor.com\/trastornos-del-sueno-en-adultos-mayores\/#primaryimage"},"thumbnailUrl":"https:\/\/clinicadeladultomayor.com\/wp-content\/uploads\/2022\/08\/web-blog25.png","datePublished":"2022-08-25T22:57:33+00:00","dateModified":"2022-08-25T22:57:34+00:00","description":"Mientras envejecemos puede que tengamos dif\u00edcilmente un buen sue\u00f1o, conoce los trastornos que tal vez afecten tu tiempo con la almohada.","breadcrumb":{"@id":"https:\/\/clinicadeladultomayor.com\/trastornos-del-sueno-en-adultos-mayores\/#breadcrumb"},"inLanguage":"en-US","potentialAction":[{"@type":"ReadAction","target":["https:\/\/clinicadeladultomayor.com\/trastornos-del-sueno-en-adultos-mayores\/"]}]},{"@type":"ImageObject","inLanguage":"en-US","@id":"https:\/\/clinicadeladultomayor.com\/trastornos-del-sueno-en-adultos-mayores\/#primaryimage","url":"https:\/\/clinicadeladultomayor.com\/wp-content\/uploads\/2022\/08\/web-blog25.png","contentUrl":"https:\/\/clinicadeladultomayor.com\/wp-content\/uploads\/2022\/08\/web-blog25.png","width":1280,"height":720,"caption":"trastornos del sue\u00f1o, m\u00e9dico geriatra el salvador, sv, sivar"},{"@type":"BreadcrumbList","@id":"https:\/\/clinicadeladultomayor.com\/trastornos-del-sueno-en-adultos-mayores\/#breadcrumb","itemListElement":[{"@type":"ListItem","position":1,"name":"Portada","item":"https:\/\/clinicadeladultomayor.com\/"},{"@type":"ListItem","position":2,"name":"Trastornos del sue\u00f1o en adultos mayores"}]},{"@type":"WebSite","@id":"https:\/\/clinicadeladultomayor.com\/#website","url":"https:\/\/clinicadeladultomayor.com\/","name":"Cl\u00ednica del adulto mayor","description":"Clinica geriatrica especializada en la atenci\u00f3n del adulto mayor en El Salvador. Acompa\u00f1andote hacia una vejez activa y saludable.","publisher":{"@id":"https:\/\/clinicadeladultomayor.com\/#organization"},"potentialAction":[{"@type":"SearchAction","target":{"@type":"EntryPoint","urlTemplate":"https:\/\/clinicadeladultomayor.com\/?s={search_term_string}"},"query-input":{"@type":"PropertyValueSpecification","valueRequired":true,"valueName":"search_term_string"}}],"inLanguage":"en-US"},{"@type":"Organization","@id":"https:\/\/clinicadeladultomayor.com\/#organization","name":"Cl\u00ednica del adulto mayor","url":"https:\/\/clinicadeladultomayor.com\/","logo":{"@type":"ImageObject","inLanguage":"en-US","@id":"https:\/\/clinicadeladultomayor.com\/#\/schema\/logo\/image\/","url":"https:\/\/clinicadeladultomayor.com\/wp-content\/uploads\/2022\/05\/LOGO-CLINICA-DEL-ADULTO-MAYOR-LETRAS-TURQUESAS.png","contentUrl":"https:\/\/clinicadeladultomayor.com\/wp-content\/uploads\/2022\/05\/LOGO-CLINICA-DEL-ADULTO-MAYOR-LETRAS-TURQUESAS.png","width":1200,"height":1200,"caption":"Cl\u00ednica del adulto mayor"},"image":{"@id":"https:\/\/clinicadeladultomayor.com\/#\/schema\/logo\/image\/"}},{"@type":"Person","@id":"https:\/\/clinicadeladultomayor.com\/#\/schema\/person\/057f90718f1cd70a500f80ef1b128857","name":"Yolanda Estrada","image":{"@type":"ImageObject","inLanguage":"en-US","@id":"https:\/\/secure.gravatar.com\/avatar\/5dcd0d480ae645caa5bcc658b29547a11f88dc9b78be4586b5d57fc1a949d94f?s=96&d=mm&r=g","url":"https:\/\/secure.gravatar.com\/avatar\/5dcd0d480ae645caa5bcc658b29547a11f88dc9b78be4586b5d57fc1a949d94f?s=96&d=mm&r=g","contentUrl":"https:\/\/secure.gravatar.com\/avatar\/5dcd0d480ae645caa5bcc658b29547a11f88dc9b78be4586b5d57fc1a949d94f?s=96&d=mm&r=g","caption":"Yolanda Estrada"},"url":"https:\/\/clinicadeladultomayor.com\/en\/author\/yolanda-estrada\/"}]}},"_links":{"self":[{"href":"https:\/\/clinicadeladultomayor.com\/en\/wp-json\/wp\/v2\/posts\/617","targetHints":{"allow":["GET"]}}],"collection":[{"href":"https:\/\/clinicadeladultomayor.com\/en\/wp-json\/wp\/v2\/posts"}],"about":[{"href":"https:\/\/clinicadeladultomayor.com\/en\/wp-json\/wp\/v2\/types\/post"}],"author":[{"embeddable":true,"href":"https:\/\/clinicadeladultomayor.com\/en\/wp-json\/wp\/v2\/users\/2"}],"replies":[{"embeddable":true,"href":"https:\/\/clinicadeladultomayor.com\/en\/wp-json\/wp\/v2\/comments?post=617"}],"version-history":[{"count":1,"href":"https:\/\/clinicadeladultomayor.com\/en\/wp-json\/wp\/v2\/posts\/617\/revisions"}],"predecessor-version":[{"id":619,"href":"https:\/\/clinicadeladultomayor.com\/en\/wp-json\/wp\/v2\/posts\/617\/revisions\/619"}],"wp:featuredmedia":[{"embeddable":true,"href":"https:\/\/clinicadeladultomayor.com\/en\/wp-json\/wp\/v2\/media\/618"}],"wp:attachment":[{"href":"https:\/\/clinicadeladultomayor.com\/en\/wp-json\/wp\/v2\/media?parent=617"}],"wp:term":[{"taxonomy":"category","embeddable":true,"href":"https:\/\/clinicadeladultomayor.com\/en\/wp-json\/wp\/v2\/categories?post=617"},{"taxonomy":"post_tag","embeddable":true,"href":"https:\/\/clinicadeladultomayor.com\/en\/wp-json\/wp\/v2\/tags?post=617"}],"curies":[{"name":"wp","href":"https:\/\/api.w.org\/{rel}","templated":true}]}}