{"id":652,"date":"2022-09-02T21:57:23","date_gmt":"2022-09-02T21:57:23","guid":{"rendered":"https:\/\/clinicadeladultomayor.com\/?p=652"},"modified":"2022-09-02T21:57:26","modified_gmt":"2022-09-02T21:57:26","slug":"anemia-en-el-adulto-mayor","status":"publish","type":"post","link":"https:\/\/clinicadeladultomayor.com\/en\/anemia-en-el-adulto-mayor\/","title":{"rendered":"Anemia en el adulto mayor"},"content":{"rendered":"<p>La anemia es de gran importancia en las personas mayores. Su prevalencia es alta, y su incidencia se incrementa con la edad, especialmente en los mayores de 85 a\u00f1os, segmento de la poblaci\u00f3n que, recordemos, es el que proporcionalmente m\u00e1s va a crecer en las pr\u00f3ximas d\u00e9cadas. Puede interferir en el funcionamiento de varios \u00f3rganos y sistemas, relacion\u00e1ndose con un aumento de la morbilidad, la mortalidad y del d\u00e9ficit funcional.<br>Por todos estos factores, la anemia puede ser considerada como una de las patolog\u00edas \u00abt\u00edpicas\u00bb en el <a href=\"https:\/\/clinicadeladultomayor.com\/en\/que-es-un-paciente-geriatrico\/\">paciente geri\u00e1trico<\/a>. Es, adem\u00e1s, una enfermedad potencialmente reversible, por lo que, es necesario que se realicen las pruebas adecuadas para tratar esta enfermedad.<\/p>\n\n\n\n<h2 class=\"wp-block-heading\">\u00bfEn qu\u00e9 afecta al cuerpo?<\/h2>\n\n\n\n<p>La anemia es el desorden hematol\u00f3gico m\u00e1s frecuente en el adulto mayor, por ello es importante conocer como lo afecta el padecer esta enfermedad:<\/p>\n\n\n\n<p><strong>Mortalidad<\/strong><br>La presencia de anemia en el anciano incrementa por s\u00ed sola la mortalidad. En un estudio en individuos mayores de 85 a\u00f1os, el aumento era del 2,29% en hombres y 1,6% en mujeres. No era igual para todos los tipos de anemia, siendo la supervivencia mayor en la anemia cuyo origen era el sangrado, cualquiera que fuese su origen.<\/p>\n\n\n\n<p><strong>Comorbilidad<\/strong><br>Existe una relaci\u00f3n inversa entre los niveles de hemoglobina y la incidencia de hospitalizaci\u00f3n. La aparici\u00f3n de anemia tiene, adem\u00e1s de los cl\u00e1sicos signos generales consistentes en fatiga, astenia, disnea, mareo\u2026, afectaci\u00f3n sobre diferentes \u00f3rganos de manera espec\u00edfica que detallamos a continuaci\u00f3n:<\/p>\n\n\n\n<p><em>Sistema cardiovascular<\/em><br>Es bien conocido que la anemia severa puede desencadenar en individuos predispuestos la aparici\u00f3n<br>de cuadros anginosos o de insuficiencia cardiaca congestiva. A su vez, provoca hipertrofia ventricular<br>izquierda; se calcula que por cada descenso de 1g\/dl de los niveles de Hb se incrementa un 6% el riesgo de presentar dicha patolog\u00eda.<\/p>\n\n\n\n<p><em>Sistema nervioso<\/em><br>La anemia se ha relacionado con la disminuci\u00f3n de la alerta y con d\u00e9ficit de memoria, atenci\u00f3n y concentraci\u00f3n.<\/p>\n\n\n\n<p><strong>Situaci\u00f3n funcional<\/strong><br>En los \u00faltimos a\u00f1os, han aparecido varios trabajos que relacionan anemia con la situaci\u00f3n f\u00edsica en el anciano que vive en la comunidad. Uno de ellos, italiano, es un estudio transversal sobre 1.008<br>personas de m\u00e1s de 65 a\u00f1os, aquellos que presentan anemia \u2014definida seg\u00fan los criterios de la<br>OMS\u2014 tienen mayor dependencia para la realizaci\u00f3n de las actividades b\u00e1sicas e instrumentales de la vida diaria, menor fuerza en manos y piernas, mayor alteraci\u00f3n en equilibrio y menor velocidad de la marcha. Estos datos se corroboran ajustando por edad, sexo, peso, tests cognitivos y comorbilidad.<\/p>\n\n\n\n<h2 class=\"wp-block-heading\">Diagn\u00f3stico de la anemia en El Salvador<\/h2>\n\n\n\n<p>Los s\u00edntomas m\u00e1s comunes de la anemia son fatiga, mareos, n\u00e1useas, entre otros, si detectas alguno de estos s\u00edntomas, te recomendamos que visites al m\u00e9dico y si eres mayor de 65 a\u00f1os un <em>m\u00e9dico geriatra<\/em>. \u00c9l te dejar\u00e1 las pruebas necesarias para un adecuado diagn\u00f3stico y tratamiento.<\/p>\n\n\n\n<p>En nuestra cl\u00ednica del adulto mayor, nuestra m\u00e9dico cabecera, Dra. Evelyn Henr\u00edquez, es geriatra y geront\u00f3loga. Recuerda que como cl\u00ednica del adulto mayor somos especialistas en la atenci\u00f3n m\u00e9dica al adulto mayor. Para mayor informaci\u00f3n de nuestros servicios para tus seres queridos, cont\u00e1ctanos por medio de nuestras redes sociales (<a href=\"https:\/\/www.facebook.com\/geriatraSV\">(Facebook,<\/a>,\u00a0<a href=\"https:\/\/www.instagram.com\/geriatra.sv\/\">Instagram<\/a>\u00a0and\u00a0<a href=\"https:\/\/wa.me\/message\/XBV7L4YD3EX2H1\">WhatsApp)<\/a>and email. Or make your appointment\u00a0<a href=\"https:\/\/clinicadeladultomayor.com\/index.php\/agendar-cita\/\" target=\"_blank\" rel=\"noreferrer noopener\">here<\/a>Senior Citizen \nClinic, accompanying you towards an active and healthy old age.<\/p>","protected":false},"excerpt":{"rendered":"<p>La anemia es de gran importancia en las personas mayores. Su prevalencia es alta, y su incidencia se incrementa con la edad, especialmente en los mayores de 85 a\u00f1os, segmento de la poblaci\u00f3n que, recordemos, es el que proporcionalmente m\u00e1s va a crecer en las pr\u00f3ximas d\u00e9cadas. Puede interferir en el funcionamiento de varios \u00f3rganos [&hellip;]<\/p>\n","protected":false},"author":2,"featured_media":653,"comment_status":"open","ping_status":"open","sticky":false,"template":"","format":"standard","meta":{"pagelayer_contact_templates":[],"_pagelayer_content":"","footnotes":""},"categories":[6,14,25],"tags":[34,47,53,30,54,35,33,99,18,42,43,51,40,45,50,44,52],"class_list":["post-652","post","type-post","status-publish","format-standard","has-post-thumbnail","hentry","category-cuidado-del-adulto-mayor","category-enfermedades-comunes","category-informacion-general","tag-asistencia-geriatrica-el-salvador","tag-atencion-medica-para-adultos-mayores-san-salvador","tag-consulta-domiciliaria-en-san-salvador","tag-consulta-medica-en-el-salvador-2","tag-consulta-medica-geriatrica-en-san-salvador","tag-cuidado-a-domicilio-en-san-salvador","tag-cuidado-del-adulto-mayor-el-salvador","tag-diagnostico-de-enfermedades-en-el-salvador","tag-enfermedad-cronica","tag-geriatra-el-salvador","tag-geriatra-en-san-salvador","tag-geriatria-en-el-salvador","tag-gerontologo-el-salvador","tag-medico-geriatra-el-salvador","tag-prevencion-de-enfermedades-en-el-salvador","tag-tratamiento-de-enfermedades-cronicas-el-salvador","tag-tratamiento-de-enfermedades-san-salvador"],"yoast_head":"<!-- This site is optimized with the Yoast SEO plugin v27.4 - https:\/\/yoast.com\/product\/yoast-seo-wordpress\/ -->\n<title>Anemia en el adulto mayor | Cl\u00ednica del adulto mayor<\/title>\n<meta name=\"description\" content=\"La anemia es una enfermedad com\u00fan aparentemente inofensiva, m\u00e1s puede tener grandes repercusiones en la salud.\" \/>\n<meta name=\"robots\" content=\"index, follow, max-snippet:-1, max-image-preview:large, max-video-preview:-1\" \/>\n<link rel=\"canonical\" href=\"https:\/\/clinicadeladultomayor.com\/en\/anemia-en-el-adulto-mayor\/\" \/>\n<meta property=\"og:locale\" content=\"en_US\" \/>\n<meta property=\"og:type\" content=\"article\" \/>\n<meta property=\"og:title\" content=\"Anemia en el adulto mayor | Cl\u00ednica del adulto mayor\" \/>\n<meta property=\"og:description\" content=\"La anemia es una enfermedad com\u00fan aparentemente inofensiva, m\u00e1s puede tener grandes repercusiones en la salud.\" \/>\n<meta property=\"og:url\" content=\"https:\/\/clinicadeladultomayor.com\/en\/anemia-en-el-adulto-mayor\/\" \/>\n<meta property=\"og:site_name\" content=\"Cl\u00ednica del adulto mayor\" \/>\n<meta property=\"article:published_time\" content=\"2022-09-02T21:57:23+00:00\" \/>\n<meta property=\"article:modified_time\" content=\"2022-09-02T21:57:26+00:00\" \/>\n<meta property=\"og:image\" content=\"https:\/\/clinicadeladultomayor.com\/wp-content\/uploads\/2022\/09\/web-blog-2.png\" \/>\n\t<meta property=\"og:image:width\" content=\"1280\" \/>\n\t<meta property=\"og:image:height\" content=\"720\" \/>\n\t<meta property=\"og:image:type\" content=\"image\/png\" \/>\n<meta name=\"author\" content=\"Yolanda Estrada\" \/>\n<meta name=\"twitter:card\" content=\"summary_large_image\" \/>\n<meta name=\"twitter:label1\" content=\"Written by\" \/>\n\t<meta name=\"twitter:data1\" content=\"Yolanda Estrada\" \/>\n\t<meta name=\"twitter:label2\" content=\"Est. reading time\" \/>\n\t<meta name=\"twitter:data2\" content=\"3 minutes\" \/>\n<script type=\"application\/ld+json\" class=\"yoast-schema-graph\">{\"@context\":\"https:\\\/\\\/schema.org\",\"@graph\":[{\"@type\":\"Article\",\"@id\":\"https:\\\/\\\/clinicadeladultomayor.com\\\/anemia-en-el-adulto-mayor\\\/#article\",\"isPartOf\":{\"@id\":\"https:\\\/\\\/clinicadeladultomayor.com\\\/anemia-en-el-adulto-mayor\\\/\"},\"author\":{\"name\":\"Yolanda Estrada\",\"@id\":\"https:\\\/\\\/clinicadeladultomayor.com\\\/#\\\/schema\\\/person\\\/057f90718f1cd70a500f80ef1b128857\"},\"headline\":\"Anemia en el adulto mayor\",\"datePublished\":\"2022-09-02T21:57:23+00:00\",\"dateModified\":\"2022-09-02T21:57:26+00:00\",\"mainEntityOfPage\":{\"@id\":\"https:\\\/\\\/clinicadeladultomayor.com\\\/anemia-en-el-adulto-mayor\\\/\"},\"wordCount\":594,\"commentCount\":0,\"publisher\":{\"@id\":\"https:\\\/\\\/clinicadeladultomayor.com\\\/#organization\"},\"image\":{\"@id\":\"https:\\\/\\\/clinicadeladultomayor.com\\\/anemia-en-el-adulto-mayor\\\/#primaryimage\"},\"thumbnailUrl\":\"https:\\\/\\\/clinicadeladultomayor.com\\\/wp-content\\\/uploads\\\/2022\\\/09\\\/web-blog-2.png\",\"keywords\":[\"Asistencia geri\u00e1trica El Salvador\",\"Atenci\u00f3n m\u00e9dica para adultos mayores San Salvador\",\"Consulta domiciliaria en San Salvador\",\"consulta m\u00e9dica en El Salvador\",\"Consulta m\u00e9dica geri\u00e1trica en San Salvador\",\"Cuidado a domicilio en San Salvador\",\"cuidado del adulto mayor El salvador\",\"diagn\u00f3stico de enfermedades en El Salvador\",\"Enfermedad cronica\",\"Geriatra El Salvador\",\"Geriatra en San Salvador\",\"Geriatr\u00eda en El Salvador\",\"Geront\u00f3logo El Salvador\",\"M\u00e9dico geriatra El salvador\",\"Prevenci\u00f3n de enfermedades en el Salvador\",\"Tratamiento de enfermedades cr\u00f3nicas El Salvador\",\"Tratamiento de enfermedades San Salvador\"],\"articleSection\":[\"Cuidado del adulto mayor\",\"Enfermedades comunes\",\"Informaci\u00f3n general\"],\"inLanguage\":\"en-US\",\"potentialAction\":[{\"@type\":\"CommentAction\",\"name\":\"Comment\",\"target\":[\"https:\\\/\\\/clinicadeladultomayor.com\\\/anemia-en-el-adulto-mayor\\\/#respond\"]}]},{\"@type\":\"WebPage\",\"@id\":\"https:\\\/\\\/clinicadeladultomayor.com\\\/anemia-en-el-adulto-mayor\\\/\",\"url\":\"https:\\\/\\\/clinicadeladultomayor.com\\\/anemia-en-el-adulto-mayor\\\/\",\"name\":\"Anemia en el adulto mayor | Cl\u00ednica del adulto mayor\",\"isPartOf\":{\"@id\":\"https:\\\/\\\/clinicadeladultomayor.com\\\/#website\"},\"primaryImageOfPage\":{\"@id\":\"https:\\\/\\\/clinicadeladultomayor.com\\\/anemia-en-el-adulto-mayor\\\/#primaryimage\"},\"image\":{\"@id\":\"https:\\\/\\\/clinicadeladultomayor.com\\\/anemia-en-el-adulto-mayor\\\/#primaryimage\"},\"thumbnailUrl\":\"https:\\\/\\\/clinicadeladultomayor.com\\\/wp-content\\\/uploads\\\/2022\\\/09\\\/web-blog-2.png\",\"datePublished\":\"2022-09-02T21:57:23+00:00\",\"dateModified\":\"2022-09-02T21:57:26+00:00\",\"description\":\"La anemia es una enfermedad com\u00fan aparentemente inofensiva, m\u00e1s puede tener grandes repercusiones en la salud.\",\"breadcrumb\":{\"@id\":\"https:\\\/\\\/clinicadeladultomayor.com\\\/anemia-en-el-adulto-mayor\\\/#breadcrumb\"},\"inLanguage\":\"en-US\",\"potentialAction\":[{\"@type\":\"ReadAction\",\"target\":[\"https:\\\/\\\/clinicadeladultomayor.com\\\/anemia-en-el-adulto-mayor\\\/\"]}]},{\"@type\":\"ImageObject\",\"inLanguage\":\"en-US\",\"@id\":\"https:\\\/\\\/clinicadeladultomayor.com\\\/anemia-en-el-adulto-mayor\\\/#primaryimage\",\"url\":\"https:\\\/\\\/clinicadeladultomayor.com\\\/wp-content\\\/uploads\\\/2022\\\/09\\\/web-blog-2.png\",\"contentUrl\":\"https:\\\/\\\/clinicadeladultomayor.com\\\/wp-content\\\/uploads\\\/2022\\\/09\\\/web-blog-2.png\",\"width\":1280,\"height\":720,\"caption\":\"anemia, medico geriatra, casa de ancianos, asilo\"},{\"@type\":\"BreadcrumbList\",\"@id\":\"https:\\\/\\\/clinicadeladultomayor.com\\\/anemia-en-el-adulto-mayor\\\/#breadcrumb\",\"itemListElement\":[{\"@type\":\"ListItem\",\"position\":1,\"name\":\"Portada\",\"item\":\"https:\\\/\\\/clinicadeladultomayor.com\\\/\"},{\"@type\":\"ListItem\",\"position\":2,\"name\":\"Anemia en el adulto mayor\"}]},{\"@type\":\"WebSite\",\"@id\":\"https:\\\/\\\/clinicadeladultomayor.com\\\/#website\",\"url\":\"https:\\\/\\\/clinicadeladultomayor.com\\\/\",\"name\":\"Cl\u00ednica del adulto mayor\",\"description\":\"Clinica geriatrica especializada en la atenci\u00f3n del adulto mayor en El Salvador. Acompa\u00f1andote hacia una vejez activa y saludable.\",\"publisher\":{\"@id\":\"https:\\\/\\\/clinicadeladultomayor.com\\\/#organization\"},\"potentialAction\":[{\"@type\":\"SearchAction\",\"target\":{\"@type\":\"EntryPoint\",\"urlTemplate\":\"https:\\\/\\\/clinicadeladultomayor.com\\\/?s={search_term_string}\"},\"query-input\":{\"@type\":\"PropertyValueSpecification\",\"valueRequired\":true,\"valueName\":\"search_term_string\"}}],\"inLanguage\":\"en-US\"},{\"@type\":\"Organization\",\"@id\":\"https:\\\/\\\/clinicadeladultomayor.com\\\/#organization\",\"name\":\"Cl\u00ednica del adulto mayor\",\"url\":\"https:\\\/\\\/clinicadeladultomayor.com\\\/\",\"logo\":{\"@type\":\"ImageObject\",\"inLanguage\":\"en-US\",\"@id\":\"https:\\\/\\\/clinicadeladultomayor.com\\\/#\\\/schema\\\/logo\\\/image\\\/\",\"url\":\"https:\\\/\\\/clinicadeladultomayor.com\\\/wp-content\\\/uploads\\\/2022\\\/05\\\/LOGO-CLINICA-DEL-ADULTO-MAYOR-LETRAS-TURQUESAS.png\",\"contentUrl\":\"https:\\\/\\\/clinicadeladultomayor.com\\\/wp-content\\\/uploads\\\/2022\\\/05\\\/LOGO-CLINICA-DEL-ADULTO-MAYOR-LETRAS-TURQUESAS.png\",\"width\":1200,\"height\":1200,\"caption\":\"Cl\u00ednica del adulto mayor\"},\"image\":{\"@id\":\"https:\\\/\\\/clinicadeladultomayor.com\\\/#\\\/schema\\\/logo\\\/image\\\/\"}},{\"@type\":\"Person\",\"@id\":\"https:\\\/\\\/clinicadeladultomayor.com\\\/#\\\/schema\\\/person\\\/057f90718f1cd70a500f80ef1b128857\",\"name\":\"Yolanda Estrada\",\"image\":{\"@type\":\"ImageObject\",\"inLanguage\":\"en-US\",\"@id\":\"https:\\\/\\\/secure.gravatar.com\\\/avatar\\\/5dcd0d480ae645caa5bcc658b29547a11f88dc9b78be4586b5d57fc1a949d94f?s=96&d=mm&r=g\",\"url\":\"https:\\\/\\\/secure.gravatar.com\\\/avatar\\\/5dcd0d480ae645caa5bcc658b29547a11f88dc9b78be4586b5d57fc1a949d94f?s=96&d=mm&r=g\",\"contentUrl\":\"https:\\\/\\\/secure.gravatar.com\\\/avatar\\\/5dcd0d480ae645caa5bcc658b29547a11f88dc9b78be4586b5d57fc1a949d94f?s=96&d=mm&r=g\",\"caption\":\"Yolanda Estrada\"},\"url\":\"https:\\\/\\\/clinicadeladultomayor.com\\\/en\\\/author\\\/yolanda-estrada\\\/\"}]}<\/script>\n<!-- \/ Yoast SEO plugin. -->","yoast_head_json":{"title":"Anemia en el adulto mayor | Cl\u00ednica del adulto mayor","description":"La anemia es una enfermedad com\u00fan aparentemente inofensiva, m\u00e1s puede tener grandes repercusiones en la salud.","robots":{"index":"index","follow":"follow","max-snippet":"max-snippet:-1","max-image-preview":"max-image-preview:large","max-video-preview":"max-video-preview:-1"},"canonical":"https:\/\/clinicadeladultomayor.com\/en\/anemia-en-el-adulto-mayor\/","og_locale":"en_US","og_type":"article","og_title":"Anemia en el adulto mayor | Cl\u00ednica del adulto mayor","og_description":"La anemia es una enfermedad com\u00fan aparentemente inofensiva, m\u00e1s puede tener grandes repercusiones en la salud.","og_url":"https:\/\/clinicadeladultomayor.com\/en\/anemia-en-el-adulto-mayor\/","og_site_name":"Cl\u00ednica del adulto mayor","article_published_time":"2022-09-02T21:57:23+00:00","article_modified_time":"2022-09-02T21:57:26+00:00","og_image":[{"width":1280,"height":720,"url":"https:\/\/clinicadeladultomayor.com\/wp-content\/uploads\/2022\/09\/web-blog-2.png","type":"image\/png"}],"author":"Yolanda Estrada","twitter_card":"summary_large_image","twitter_misc":{"Written by":"Yolanda Estrada","Est. reading time":"3 minutes"},"schema":{"@context":"https:\/\/schema.org","@graph":[{"@type":"Article","@id":"https:\/\/clinicadeladultomayor.com\/anemia-en-el-adulto-mayor\/#article","isPartOf":{"@id":"https:\/\/clinicadeladultomayor.com\/anemia-en-el-adulto-mayor\/"},"author":{"name":"Yolanda Estrada","@id":"https:\/\/clinicadeladultomayor.com\/#\/schema\/person\/057f90718f1cd70a500f80ef1b128857"},"headline":"Anemia en el adulto mayor","datePublished":"2022-09-02T21:57:23+00:00","dateModified":"2022-09-02T21:57:26+00:00","mainEntityOfPage":{"@id":"https:\/\/clinicadeladultomayor.com\/anemia-en-el-adulto-mayor\/"},"wordCount":594,"commentCount":0,"publisher":{"@id":"https:\/\/clinicadeladultomayor.com\/#organization"},"image":{"@id":"https:\/\/clinicadeladultomayor.com\/anemia-en-el-adulto-mayor\/#primaryimage"},"thumbnailUrl":"https:\/\/clinicadeladultomayor.com\/wp-content\/uploads\/2022\/09\/web-blog-2.png","keywords":["Asistencia geri\u00e1trica El Salvador","Atenci\u00f3n m\u00e9dica para adultos mayores San Salvador","Consulta domiciliaria en San Salvador","consulta m\u00e9dica en El Salvador","Consulta m\u00e9dica geri\u00e1trica en San Salvador","Cuidado a domicilio en San Salvador","cuidado del adulto mayor El salvador","diagn\u00f3stico de enfermedades en El Salvador","Enfermedad cronica","Geriatra El Salvador","Geriatra en San Salvador","Geriatr\u00eda en El Salvador","Geront\u00f3logo El Salvador","M\u00e9dico geriatra El salvador","Prevenci\u00f3n de enfermedades en el Salvador","Tratamiento de enfermedades cr\u00f3nicas El Salvador","Tratamiento de enfermedades San Salvador"],"articleSection":["Cuidado del adulto mayor","Enfermedades comunes","Informaci\u00f3n general"],"inLanguage":"en-US","potentialAction":[{"@type":"CommentAction","name":"Comment","target":["https:\/\/clinicadeladultomayor.com\/anemia-en-el-adulto-mayor\/#respond"]}]},{"@type":"WebPage","@id":"https:\/\/clinicadeladultomayor.com\/anemia-en-el-adulto-mayor\/","url":"https:\/\/clinicadeladultomayor.com\/anemia-en-el-adulto-mayor\/","name":"Anemia en el adulto mayor | Cl\u00ednica del adulto mayor","isPartOf":{"@id":"https:\/\/clinicadeladultomayor.com\/#website"},"primaryImageOfPage":{"@id":"https:\/\/clinicadeladultomayor.com\/anemia-en-el-adulto-mayor\/#primaryimage"},"image":{"@id":"https:\/\/clinicadeladultomayor.com\/anemia-en-el-adulto-mayor\/#primaryimage"},"thumbnailUrl":"https:\/\/clinicadeladultomayor.com\/wp-content\/uploads\/2022\/09\/web-blog-2.png","datePublished":"2022-09-02T21:57:23+00:00","dateModified":"2022-09-02T21:57:26+00:00","description":"La anemia es una enfermedad com\u00fan aparentemente inofensiva, m\u00e1s puede tener grandes repercusiones en la salud.","breadcrumb":{"@id":"https:\/\/clinicadeladultomayor.com\/anemia-en-el-adulto-mayor\/#breadcrumb"},"inLanguage":"en-US","potentialAction":[{"@type":"ReadAction","target":["https:\/\/clinicadeladultomayor.com\/anemia-en-el-adulto-mayor\/"]}]},{"@type":"ImageObject","inLanguage":"en-US","@id":"https:\/\/clinicadeladultomayor.com\/anemia-en-el-adulto-mayor\/#primaryimage","url":"https:\/\/clinicadeladultomayor.com\/wp-content\/uploads\/2022\/09\/web-blog-2.png","contentUrl":"https:\/\/clinicadeladultomayor.com\/wp-content\/uploads\/2022\/09\/web-blog-2.png","width":1280,"height":720,"caption":"anemia, medico geriatra, casa de ancianos, asilo"},{"@type":"BreadcrumbList","@id":"https:\/\/clinicadeladultomayor.com\/anemia-en-el-adulto-mayor\/#breadcrumb","itemListElement":[{"@type":"ListItem","position":1,"name":"Portada","item":"https:\/\/clinicadeladultomayor.com\/"},{"@type":"ListItem","position":2,"name":"Anemia en el adulto mayor"}]},{"@type":"WebSite","@id":"https:\/\/clinicadeladultomayor.com\/#website","url":"https:\/\/clinicadeladultomayor.com\/","name":"Cl\u00ednica del adulto mayor","description":"Clinica geriatrica especializada en la atenci\u00f3n del adulto mayor en El Salvador. Acompa\u00f1andote hacia una vejez activa y saludable.","publisher":{"@id":"https:\/\/clinicadeladultomayor.com\/#organization"},"potentialAction":[{"@type":"SearchAction","target":{"@type":"EntryPoint","urlTemplate":"https:\/\/clinicadeladultomayor.com\/?s={search_term_string}"},"query-input":{"@type":"PropertyValueSpecification","valueRequired":true,"valueName":"search_term_string"}}],"inLanguage":"en-US"},{"@type":"Organization","@id":"https:\/\/clinicadeladultomayor.com\/#organization","name":"Cl\u00ednica del adulto mayor","url":"https:\/\/clinicadeladultomayor.com\/","logo":{"@type":"ImageObject","inLanguage":"en-US","@id":"https:\/\/clinicadeladultomayor.com\/#\/schema\/logo\/image\/","url":"https:\/\/clinicadeladultomayor.com\/wp-content\/uploads\/2022\/05\/LOGO-CLINICA-DEL-ADULTO-MAYOR-LETRAS-TURQUESAS.png","contentUrl":"https:\/\/clinicadeladultomayor.com\/wp-content\/uploads\/2022\/05\/LOGO-CLINICA-DEL-ADULTO-MAYOR-LETRAS-TURQUESAS.png","width":1200,"height":1200,"caption":"Cl\u00ednica del adulto mayor"},"image":{"@id":"https:\/\/clinicadeladultomayor.com\/#\/schema\/logo\/image\/"}},{"@type":"Person","@id":"https:\/\/clinicadeladultomayor.com\/#\/schema\/person\/057f90718f1cd70a500f80ef1b128857","name":"Yolanda Estrada","image":{"@type":"ImageObject","inLanguage":"en-US","@id":"https:\/\/secure.gravatar.com\/avatar\/5dcd0d480ae645caa5bcc658b29547a11f88dc9b78be4586b5d57fc1a949d94f?s=96&d=mm&r=g","url":"https:\/\/secure.gravatar.com\/avatar\/5dcd0d480ae645caa5bcc658b29547a11f88dc9b78be4586b5d57fc1a949d94f?s=96&d=mm&r=g","contentUrl":"https:\/\/secure.gravatar.com\/avatar\/5dcd0d480ae645caa5bcc658b29547a11f88dc9b78be4586b5d57fc1a949d94f?s=96&d=mm&r=g","caption":"Yolanda Estrada"},"url":"https:\/\/clinicadeladultomayor.com\/en\/author\/yolanda-estrada\/"}]}},"_links":{"self":[{"href":"https:\/\/clinicadeladultomayor.com\/en\/wp-json\/wp\/v2\/posts\/652","targetHints":{"allow":["GET"]}}],"collection":[{"href":"https:\/\/clinicadeladultomayor.com\/en\/wp-json\/wp\/v2\/posts"}],"about":[{"href":"https:\/\/clinicadeladultomayor.com\/en\/wp-json\/wp\/v2\/types\/post"}],"author":[{"embeddable":true,"href":"https:\/\/clinicadeladultomayor.com\/en\/wp-json\/wp\/v2\/users\/2"}],"replies":[{"embeddable":true,"href":"https:\/\/clinicadeladultomayor.com\/en\/wp-json\/wp\/v2\/comments?post=652"}],"version-history":[{"count":1,"href":"https:\/\/clinicadeladultomayor.com\/en\/wp-json\/wp\/v2\/posts\/652\/revisions"}],"predecessor-version":[{"id":654,"href":"https:\/\/clinicadeladultomayor.com\/en\/wp-json\/wp\/v2\/posts\/652\/revisions\/654"}],"wp:featuredmedia":[{"embeddable":true,"href":"https:\/\/clinicadeladultomayor.com\/en\/wp-json\/wp\/v2\/media\/653"}],"wp:attachment":[{"href":"https:\/\/clinicadeladultomayor.com\/en\/wp-json\/wp\/v2\/media?parent=652"}],"wp:term":[{"taxonomy":"category","embeddable":true,"href":"https:\/\/clinicadeladultomayor.com\/en\/wp-json\/wp\/v2\/categories?post=652"},{"taxonomy":"post_tag","embeddable":true,"href":"https:\/\/clinicadeladultomayor.com\/en\/wp-json\/wp\/v2\/tags?post=652"}],"curies":[{"name":"wp","href":"https:\/\/api.w.org\/{rel}","templated":true}]}}