{"id":666,"date":"2022-09-20T16:05:41","date_gmt":"2022-09-20T16:05:41","guid":{"rendered":"https:\/\/clinicadeladultomayor.com\/?p=666"},"modified":"2022-09-20T16:05:45","modified_gmt":"2022-09-20T16:05:45","slug":"enfermedades-respiratorias-mas-comunes-en-el-adulto-mayor-en-el-salvador","status":"publish","type":"post","link":"https:\/\/clinicadeladultomayor.com\/en\/enfermedades-respiratorias-mas-comunes-en-el-adulto-mayor-en-el-salvador\/","title":{"rendered":"Enfermedades respiratorias m\u00e1s comunes en el adulto mayor en El Salvador"},"content":{"rendered":"<p>Las enfermedades respiratorias representan una causa potencial de morbilidad, mortalidad e invalidez para las personas mayores debido a que su organismo es m\u00e1s susceptible a los problemas respiratorios. De acuerdo con cifras de la Organizaci\u00f3n Mundial de la Salud (OMS). Las infecciones respiratorias agudas (IRAS), la enfermedad pulmonar obstructiva cr\u00f3nica (EPOC), la tuberculosis y el c\u00e1ncer pulmonar son las principales causas de muerte en todo el mundo. De igual manera, se ha registrado un incremento en la morbimortalidad por estos cuatro padecimientos m\u00e1s neumon\u00eda y asma. M\u00e1s las enfermedades m\u00e1s comunes en el adulto mayor son las infecciones respiratorias agudas.<\/p>\n\n\n\n<h2 class=\"wp-block-heading\">Importancia de las enfermedades respiratorias en el adulto mayores<\/h2>\n\n\n\n<p>Es importante prestar mucha atenci\u00f3n a las enfermedades respiratorias debido a que el paciente geri\u00e1trico tarda mucho m\u00e1s en dar manifestaciones de la enfermedad, a diferencia de un ni\u00f1o o un joven. Son personas que no presentan mucha fiebre o flema equiparable a lo que ocurre en otros momentos de la vida. Incluso, ellos pueden estar acostumbrados a minimizar s\u00edntomas leves de enfermedad. El primer indicador del problema, es cuando la gente empieza a disminuir su actividad f\u00edsica, ya no quiere salir, se siente cansada. Presenta muchas veces tambi\u00e9n problemas neurol\u00f3gicos.<\/p>\n\n\n\n<p>Pero entonces a que s\u00edntomas debo prestar atenci\u00f3n para saber en qu\u00e9 momento acudir al <em>m\u00e9dico geriatra<\/em>:<\/p>\n\n\n\n<h2 class=\"wp-block-heading\">S\u00edntomas generales:<\/h2>\n\n\n\n<ul class=\"wp-block-list\"><li>Cansancio<\/li><li>Dificultad para respirar<\/li><li>Tos prolongada<\/li><li>Sangrado<\/li><\/ul>\n\n\n\n<p>Si presentas m\u00e1s de dos de estos s\u00edntomas, acude a un m\u00e9dico.  Ten en cuenta que adicional al factor de riesgo que representa la edad, el padecer alguna comorbilidad como la diabetes, asma, cardiopat\u00edas, inmunosupresi\u00f3n o enfermedades cr\u00f3nicas de pulm\u00f3n, favorecen la posibilidad de contraer neumon\u00eda.<\/p>\n\n\n\n<p>Recuerda que como<strong> cl\u00ednica del adulto mayor<\/strong> deseamos acompa\u00f1arte hacia una vejez activa y saludable, en nuestra cl\u00ednica contamos con los medios para brindar tratamiento a las enfermedades respiratorias, as\u00ed como con el equipo necesario para la <strong>terapia respiratoria.<\/strong> Para mayor informaci\u00f3n de nuestros servicios para tus seres queridos, cont\u00e1ctanos por medio de nuestras redes sociales (<a href=\"https:\/\/www.facebook.com\/geriatraSV\">(Facebook,<\/a>,\u00a0<a href=\"https:\/\/www.instagram.com\/geriatra.sv\/\">Instagram<\/a>\u00a0and\u00a0<a href=\"https:\/\/wa.me\/message\/XBV7L4YD3EX2H1\">WhatsApp)<\/a>and email. Or make your appointment\u00a0<a href=\"https:\/\/clinicadeladultomayor.com\/index.php\/agendar-cita\/\" target=\"_blank\" rel=\"noreferrer noopener\">here<\/a>Senior Citizen \nClinic, accompanying you towards an active and healthy old age.<\/p>\n\n\n\n<p><\/p>","protected":false},"excerpt":{"rendered":"<p>Las enfermedades respiratorias representan una causa potencial de morbilidad, mortalidad e invalidez para las personas mayores debido a que su organismo es m\u00e1s susceptible a los problemas respiratorios. De acuerdo con cifras de la Organizaci\u00f3n Mundial de la Salud (OMS). Las infecciones respiratorias agudas (IRAS), la enfermedad pulmonar obstructiva cr\u00f3nica (EPOC), la tuberculosis y el [&hellip;]<\/p>\n","protected":false},"author":2,"featured_media":667,"comment_status":"open","ping_status":"open","sticky":false,"template":"","format":"standard","meta":{"pagelayer_contact_templates":[],"_pagelayer_content":"","footnotes":""},"categories":[14,15],"tags":[34,47,30,54,33,42,43,22,51,59,40,21,45,46,58,79,102,44,52],"class_list":["post-666","post","type-post","status-publish","format-standard","has-post-thumbnail","hentry","category-enfermedades-comunes","category-enfermedades-cronicas","tag-asistencia-geriatrica-el-salvador","tag-atencion-medica-para-adultos-mayores-san-salvador","tag-consulta-medica-en-el-salvador-2","tag-consulta-medica-geriatrica-en-san-salvador","tag-cuidado-del-adulto-mayor-el-salvador","tag-geriatra-el-salvador","tag-geriatra-en-san-salvador","tag-geriatria","tag-geriatria-en-el-salvador","tag-gerontologia-san-salvador","tag-gerontologo-el-salvador","tag-medico-geriatra","tag-medico-geriatra-el-salvador","tag-medico-gerontologo-san-salvador","tag-paciente-geriatrico","tag-sindromes-geriatricos","tag-terapia-respiratoria","tag-tratamiento-de-enfermedades-cronicas-el-salvador","tag-tratamiento-de-enfermedades-san-salvador"],"yoast_head":"<!-- This site is optimized with the Yoast SEO plugin v27.4 - https:\/\/yoast.com\/product\/yoast-seo-wordpress\/ -->\n<title>Enfermedades respiratorias m\u00e1s comunes en el adulto mayor en El Salvador | Cl\u00ednica del adulto mayor<\/title>\n<meta name=\"description\" content=\"Las enfermedades respiratorias en el adulto mayor son cada vez m\u00e1s comunes, conoce sus peligros y s\u00edntomas en este art\u00edculo.\" \/>\n<meta name=\"robots\" content=\"index, follow, max-snippet:-1, max-image-preview:large, max-video-preview:-1\" \/>\n<link rel=\"canonical\" href=\"https:\/\/clinicadeladultomayor.com\/en\/enfermedades-respiratorias-mas-comunes-en-el-adulto-mayor-en-el-salvador\/\" \/>\n<meta property=\"og:locale\" content=\"en_US\" \/>\n<meta property=\"og:type\" content=\"article\" \/>\n<meta property=\"og:title\" content=\"Enfermedades respiratorias m\u00e1s comunes en el adulto mayor en El Salvador | Cl\u00ednica del adulto mayor\" \/>\n<meta property=\"og:description\" content=\"Las enfermedades respiratorias en el adulto mayor son cada vez m\u00e1s comunes, conoce sus peligros y s\u00edntomas en este art\u00edculo.\" \/>\n<meta property=\"og:url\" content=\"https:\/\/clinicadeladultomayor.com\/en\/enfermedades-respiratorias-mas-comunes-en-el-adulto-mayor-en-el-salvador\/\" \/>\n<meta property=\"og:site_name\" content=\"Cl\u00ednica del adulto mayor\" \/>\n<meta property=\"article:published_time\" content=\"2022-09-20T16:05:41+00:00\" \/>\n<meta property=\"article:modified_time\" content=\"2022-09-20T16:05:45+00:00\" \/>\n<meta property=\"og:image\" content=\"https:\/\/clinicadeladultomayor.com\/wp-content\/uploads\/2022\/09\/web-blog-20.png\" \/>\n\t<meta property=\"og:image:width\" content=\"1280\" \/>\n\t<meta property=\"og:image:height\" content=\"720\" \/>\n\t<meta property=\"og:image:type\" content=\"image\/png\" \/>\n<meta name=\"author\" content=\"Yolanda Estrada\" \/>\n<meta name=\"twitter:card\" content=\"summary_large_image\" \/>\n<meta name=\"twitter:label1\" content=\"Written by\" \/>\n\t<meta name=\"twitter:data1\" content=\"Yolanda Estrada\" \/>\n\t<meta name=\"twitter:label2\" content=\"Est. reading time\" \/>\n\t<meta name=\"twitter:data2\" content=\"2 minutes\" \/>\n<script type=\"application\/ld+json\" class=\"yoast-schema-graph\">{\"@context\":\"https:\\\/\\\/schema.org\",\"@graph\":[{\"@type\":\"Article\",\"@id\":\"https:\\\/\\\/clinicadeladultomayor.com\\\/enfermedades-respiratorias-mas-comunes-en-el-adulto-mayor-en-el-salvador\\\/#article\",\"isPartOf\":{\"@id\":\"https:\\\/\\\/clinicadeladultomayor.com\\\/enfermedades-respiratorias-mas-comunes-en-el-adulto-mayor-en-el-salvador\\\/\"},\"author\":{\"name\":\"Yolanda Estrada\",\"@id\":\"https:\\\/\\\/clinicadeladultomayor.com\\\/#\\\/schema\\\/person\\\/057f90718f1cd70a500f80ef1b128857\"},\"headline\":\"Enfermedades respiratorias m\u00e1s comunes en el adulto mayor en El Salvador\",\"datePublished\":\"2022-09-20T16:05:41+00:00\",\"dateModified\":\"2022-09-20T16:05:45+00:00\",\"mainEntityOfPage\":{\"@id\":\"https:\\\/\\\/clinicadeladultomayor.com\\\/enfermedades-respiratorias-mas-comunes-en-el-adulto-mayor-en-el-salvador\\\/\"},\"wordCount\":399,\"commentCount\":0,\"publisher\":{\"@id\":\"https:\\\/\\\/clinicadeladultomayor.com\\\/#organization\"},\"image\":{\"@id\":\"https:\\\/\\\/clinicadeladultomayor.com\\\/enfermedades-respiratorias-mas-comunes-en-el-adulto-mayor-en-el-salvador\\\/#primaryimage\"},\"thumbnailUrl\":\"https:\\\/\\\/clinicadeladultomayor.com\\\/wp-content\\\/uploads\\\/2022\\\/09\\\/web-blog-20.png\",\"keywords\":[\"Asistencia geri\u00e1trica El Salvador\",\"Atenci\u00f3n m\u00e9dica para adultos mayores San Salvador\",\"consulta m\u00e9dica en El Salvador\",\"Consulta m\u00e9dica geri\u00e1trica en San Salvador\",\"cuidado del adulto mayor El salvador\",\"Geriatra El Salvador\",\"Geriatra en San Salvador\",\"geriatria\",\"Geriatr\u00eda en El Salvador\",\"Gerontolog\u00eda San Salvador\",\"Geront\u00f3logo El Salvador\",\"m\u00e9dico geriatra\",\"M\u00e9dico geriatra El salvador\",\"M\u00e9dico gerontologo San Salvador\",\"Paciente geri\u00e1trico\",\"S\u00edndromes geri\u00e1tricos\",\"Terapia respiratoria\",\"Tratamiento de enfermedades cr\u00f3nicas El Salvador\",\"Tratamiento de enfermedades San Salvador\"],\"articleSection\":[\"Enfermedades comunes\",\"Enfermedades cr\u00f3nicas\"],\"inLanguage\":\"en-US\",\"potentialAction\":[{\"@type\":\"CommentAction\",\"name\":\"Comment\",\"target\":[\"https:\\\/\\\/clinicadeladultomayor.com\\\/enfermedades-respiratorias-mas-comunes-en-el-adulto-mayor-en-el-salvador\\\/#respond\"]}]},{\"@type\":\"WebPage\",\"@id\":\"https:\\\/\\\/clinicadeladultomayor.com\\\/enfermedades-respiratorias-mas-comunes-en-el-adulto-mayor-en-el-salvador\\\/\",\"url\":\"https:\\\/\\\/clinicadeladultomayor.com\\\/enfermedades-respiratorias-mas-comunes-en-el-adulto-mayor-en-el-salvador\\\/\",\"name\":\"Enfermedades respiratorias m\u00e1s comunes en el adulto mayor en El Salvador | Cl\u00ednica del adulto mayor\",\"isPartOf\":{\"@id\":\"https:\\\/\\\/clinicadeladultomayor.com\\\/#website\"},\"primaryImageOfPage\":{\"@id\":\"https:\\\/\\\/clinicadeladultomayor.com\\\/enfermedades-respiratorias-mas-comunes-en-el-adulto-mayor-en-el-salvador\\\/#primaryimage\"},\"image\":{\"@id\":\"https:\\\/\\\/clinicadeladultomayor.com\\\/enfermedades-respiratorias-mas-comunes-en-el-adulto-mayor-en-el-salvador\\\/#primaryimage\"},\"thumbnailUrl\":\"https:\\\/\\\/clinicadeladultomayor.com\\\/wp-content\\\/uploads\\\/2022\\\/09\\\/web-blog-20.png\",\"datePublished\":\"2022-09-20T16:05:41+00:00\",\"dateModified\":\"2022-09-20T16:05:45+00:00\",\"description\":\"Las enfermedades respiratorias en el adulto mayor son cada vez m\u00e1s comunes, conoce sus peligros y s\u00edntomas en este art\u00edculo.\",\"breadcrumb\":{\"@id\":\"https:\\\/\\\/clinicadeladultomayor.com\\\/enfermedades-respiratorias-mas-comunes-en-el-adulto-mayor-en-el-salvador\\\/#breadcrumb\"},\"inLanguage\":\"en-US\",\"potentialAction\":[{\"@type\":\"ReadAction\",\"target\":[\"https:\\\/\\\/clinicadeladultomayor.com\\\/enfermedades-respiratorias-mas-comunes-en-el-adulto-mayor-en-el-salvador\\\/\"]}]},{\"@type\":\"ImageObject\",\"inLanguage\":\"en-US\",\"@id\":\"https:\\\/\\\/clinicadeladultomayor.com\\\/enfermedades-respiratorias-mas-comunes-en-el-adulto-mayor-en-el-salvador\\\/#primaryimage\",\"url\":\"https:\\\/\\\/clinicadeladultomayor.com\\\/wp-content\\\/uploads\\\/2022\\\/09\\\/web-blog-20.png\",\"contentUrl\":\"https:\\\/\\\/clinicadeladultomayor.com\\\/wp-content\\\/uploads\\\/2022\\\/09\\\/web-blog-20.png\",\"width\":1280,\"height\":720,\"caption\":\"enfermedades respiratorias, el salvador, adulto mayor, geriatra en El Salvador\"},{\"@type\":\"BreadcrumbList\",\"@id\":\"https:\\\/\\\/clinicadeladultomayor.com\\\/enfermedades-respiratorias-mas-comunes-en-el-adulto-mayor-en-el-salvador\\\/#breadcrumb\",\"itemListElement\":[{\"@type\":\"ListItem\",\"position\":1,\"name\":\"Portada\",\"item\":\"https:\\\/\\\/clinicadeladultomayor.com\\\/\"},{\"@type\":\"ListItem\",\"position\":2,\"name\":\"Enfermedades respiratorias m\u00e1s comunes en el adulto mayor en El Salvador\"}]},{\"@type\":\"WebSite\",\"@id\":\"https:\\\/\\\/clinicadeladultomayor.com\\\/#website\",\"url\":\"https:\\\/\\\/clinicadeladultomayor.com\\\/\",\"name\":\"Cl\u00ednica del adulto mayor\",\"description\":\"Clinica geriatrica especializada en la atenci\u00f3n del adulto mayor en El Salvador. Acompa\u00f1andote hacia una vejez activa y saludable.\",\"publisher\":{\"@id\":\"https:\\\/\\\/clinicadeladultomayor.com\\\/#organization\"},\"potentialAction\":[{\"@type\":\"SearchAction\",\"target\":{\"@type\":\"EntryPoint\",\"urlTemplate\":\"https:\\\/\\\/clinicadeladultomayor.com\\\/?s={search_term_string}\"},\"query-input\":{\"@type\":\"PropertyValueSpecification\",\"valueRequired\":true,\"valueName\":\"search_term_string\"}}],\"inLanguage\":\"en-US\"},{\"@type\":\"Organization\",\"@id\":\"https:\\\/\\\/clinicadeladultomayor.com\\\/#organization\",\"name\":\"Cl\u00ednica del adulto mayor\",\"url\":\"https:\\\/\\\/clinicadeladultomayor.com\\\/\",\"logo\":{\"@type\":\"ImageObject\",\"inLanguage\":\"en-US\",\"@id\":\"https:\\\/\\\/clinicadeladultomayor.com\\\/#\\\/schema\\\/logo\\\/image\\\/\",\"url\":\"https:\\\/\\\/clinicadeladultomayor.com\\\/wp-content\\\/uploads\\\/2022\\\/05\\\/LOGO-CLINICA-DEL-ADULTO-MAYOR-LETRAS-TURQUESAS.png\",\"contentUrl\":\"https:\\\/\\\/clinicadeladultomayor.com\\\/wp-content\\\/uploads\\\/2022\\\/05\\\/LOGO-CLINICA-DEL-ADULTO-MAYOR-LETRAS-TURQUESAS.png\",\"width\":1200,\"height\":1200,\"caption\":\"Cl\u00ednica del adulto mayor\"},\"image\":{\"@id\":\"https:\\\/\\\/clinicadeladultomayor.com\\\/#\\\/schema\\\/logo\\\/image\\\/\"}},{\"@type\":\"Person\",\"@id\":\"https:\\\/\\\/clinicadeladultomayor.com\\\/#\\\/schema\\\/person\\\/057f90718f1cd70a500f80ef1b128857\",\"name\":\"Yolanda Estrada\",\"image\":{\"@type\":\"ImageObject\",\"inLanguage\":\"en-US\",\"@id\":\"https:\\\/\\\/secure.gravatar.com\\\/avatar\\\/5dcd0d480ae645caa5bcc658b29547a11f88dc9b78be4586b5d57fc1a949d94f?s=96&d=mm&r=g\",\"url\":\"https:\\\/\\\/secure.gravatar.com\\\/avatar\\\/5dcd0d480ae645caa5bcc658b29547a11f88dc9b78be4586b5d57fc1a949d94f?s=96&d=mm&r=g\",\"contentUrl\":\"https:\\\/\\\/secure.gravatar.com\\\/avatar\\\/5dcd0d480ae645caa5bcc658b29547a11f88dc9b78be4586b5d57fc1a949d94f?s=96&d=mm&r=g\",\"caption\":\"Yolanda Estrada\"},\"url\":\"https:\\\/\\\/clinicadeladultomayor.com\\\/en\\\/author\\\/yolanda-estrada\\\/\"}]}<\/script>\n<!-- \/ Yoast SEO plugin. -->","yoast_head_json":{"title":"Enfermedades respiratorias m\u00e1s comunes en el adulto mayor en El Salvador | Cl\u00ednica del adulto mayor","description":"Las enfermedades respiratorias en el adulto mayor son cada vez m\u00e1s comunes, conoce sus peligros y s\u00edntomas en este art\u00edculo.","robots":{"index":"index","follow":"follow","max-snippet":"max-snippet:-1","max-image-preview":"max-image-preview:large","max-video-preview":"max-video-preview:-1"},"canonical":"https:\/\/clinicadeladultomayor.com\/en\/enfermedades-respiratorias-mas-comunes-en-el-adulto-mayor-en-el-salvador\/","og_locale":"en_US","og_type":"article","og_title":"Enfermedades respiratorias m\u00e1s comunes en el adulto mayor en El Salvador | Cl\u00ednica del adulto mayor","og_description":"Las enfermedades respiratorias en el adulto mayor son cada vez m\u00e1s comunes, conoce sus peligros y s\u00edntomas en este art\u00edculo.","og_url":"https:\/\/clinicadeladultomayor.com\/en\/enfermedades-respiratorias-mas-comunes-en-el-adulto-mayor-en-el-salvador\/","og_site_name":"Cl\u00ednica del adulto mayor","article_published_time":"2022-09-20T16:05:41+00:00","article_modified_time":"2022-09-20T16:05:45+00:00","og_image":[{"width":1280,"height":720,"url":"https:\/\/clinicadeladultomayor.com\/wp-content\/uploads\/2022\/09\/web-blog-20.png","type":"image\/png"}],"author":"Yolanda Estrada","twitter_card":"summary_large_image","twitter_misc":{"Written by":"Yolanda Estrada","Est. reading time":"2 minutes"},"schema":{"@context":"https:\/\/schema.org","@graph":[{"@type":"Article","@id":"https:\/\/clinicadeladultomayor.com\/enfermedades-respiratorias-mas-comunes-en-el-adulto-mayor-en-el-salvador\/#article","isPartOf":{"@id":"https:\/\/clinicadeladultomayor.com\/enfermedades-respiratorias-mas-comunes-en-el-adulto-mayor-en-el-salvador\/"},"author":{"name":"Yolanda Estrada","@id":"https:\/\/clinicadeladultomayor.com\/#\/schema\/person\/057f90718f1cd70a500f80ef1b128857"},"headline":"Enfermedades respiratorias m\u00e1s comunes en el adulto mayor en El Salvador","datePublished":"2022-09-20T16:05:41+00:00","dateModified":"2022-09-20T16:05:45+00:00","mainEntityOfPage":{"@id":"https:\/\/clinicadeladultomayor.com\/enfermedades-respiratorias-mas-comunes-en-el-adulto-mayor-en-el-salvador\/"},"wordCount":399,"commentCount":0,"publisher":{"@id":"https:\/\/clinicadeladultomayor.com\/#organization"},"image":{"@id":"https:\/\/clinicadeladultomayor.com\/enfermedades-respiratorias-mas-comunes-en-el-adulto-mayor-en-el-salvador\/#primaryimage"},"thumbnailUrl":"https:\/\/clinicadeladultomayor.com\/wp-content\/uploads\/2022\/09\/web-blog-20.png","keywords":["Asistencia geri\u00e1trica El Salvador","Atenci\u00f3n m\u00e9dica para adultos mayores San Salvador","consulta m\u00e9dica en El Salvador","Consulta m\u00e9dica geri\u00e1trica en San Salvador","cuidado del adulto mayor El salvador","Geriatra El Salvador","Geriatra en San Salvador","geriatria","Geriatr\u00eda en El Salvador","Gerontolog\u00eda San Salvador","Geront\u00f3logo El Salvador","m\u00e9dico geriatra","M\u00e9dico geriatra El salvador","M\u00e9dico gerontologo San Salvador","Paciente geri\u00e1trico","S\u00edndromes geri\u00e1tricos","Terapia respiratoria","Tratamiento de enfermedades cr\u00f3nicas El Salvador","Tratamiento de enfermedades San Salvador"],"articleSection":["Enfermedades comunes","Enfermedades cr\u00f3nicas"],"inLanguage":"en-US","potentialAction":[{"@type":"CommentAction","name":"Comment","target":["https:\/\/clinicadeladultomayor.com\/enfermedades-respiratorias-mas-comunes-en-el-adulto-mayor-en-el-salvador\/#respond"]}]},{"@type":"WebPage","@id":"https:\/\/clinicadeladultomayor.com\/enfermedades-respiratorias-mas-comunes-en-el-adulto-mayor-en-el-salvador\/","url":"https:\/\/clinicadeladultomayor.com\/enfermedades-respiratorias-mas-comunes-en-el-adulto-mayor-en-el-salvador\/","name":"Enfermedades respiratorias m\u00e1s comunes en el adulto mayor en El Salvador | Cl\u00ednica del adulto mayor","isPartOf":{"@id":"https:\/\/clinicadeladultomayor.com\/#website"},"primaryImageOfPage":{"@id":"https:\/\/clinicadeladultomayor.com\/enfermedades-respiratorias-mas-comunes-en-el-adulto-mayor-en-el-salvador\/#primaryimage"},"image":{"@id":"https:\/\/clinicadeladultomayor.com\/enfermedades-respiratorias-mas-comunes-en-el-adulto-mayor-en-el-salvador\/#primaryimage"},"thumbnailUrl":"https:\/\/clinicadeladultomayor.com\/wp-content\/uploads\/2022\/09\/web-blog-20.png","datePublished":"2022-09-20T16:05:41+00:00","dateModified":"2022-09-20T16:05:45+00:00","description":"Las enfermedades respiratorias en el adulto mayor son cada vez m\u00e1s comunes, conoce sus peligros y s\u00edntomas en este art\u00edculo.","breadcrumb":{"@id":"https:\/\/clinicadeladultomayor.com\/enfermedades-respiratorias-mas-comunes-en-el-adulto-mayor-en-el-salvador\/#breadcrumb"},"inLanguage":"en-US","potentialAction":[{"@type":"ReadAction","target":["https:\/\/clinicadeladultomayor.com\/enfermedades-respiratorias-mas-comunes-en-el-adulto-mayor-en-el-salvador\/"]}]},{"@type":"ImageObject","inLanguage":"en-US","@id":"https:\/\/clinicadeladultomayor.com\/enfermedades-respiratorias-mas-comunes-en-el-adulto-mayor-en-el-salvador\/#primaryimage","url":"https:\/\/clinicadeladultomayor.com\/wp-content\/uploads\/2022\/09\/web-blog-20.png","contentUrl":"https:\/\/clinicadeladultomayor.com\/wp-content\/uploads\/2022\/09\/web-blog-20.png","width":1280,"height":720,"caption":"enfermedades respiratorias, el salvador, adulto mayor, geriatra en El Salvador"},{"@type":"BreadcrumbList","@id":"https:\/\/clinicadeladultomayor.com\/enfermedades-respiratorias-mas-comunes-en-el-adulto-mayor-en-el-salvador\/#breadcrumb","itemListElement":[{"@type":"ListItem","position":1,"name":"Portada","item":"https:\/\/clinicadeladultomayor.com\/"},{"@type":"ListItem","position":2,"name":"Enfermedades respiratorias m\u00e1s comunes en el adulto mayor en El Salvador"}]},{"@type":"WebSite","@id":"https:\/\/clinicadeladultomayor.com\/#website","url":"https:\/\/clinicadeladultomayor.com\/","name":"Cl\u00ednica del adulto mayor","description":"Clinica geriatrica especializada en la atenci\u00f3n del adulto mayor en El Salvador. Acompa\u00f1andote hacia una vejez activa y saludable.","publisher":{"@id":"https:\/\/clinicadeladultomayor.com\/#organization"},"potentialAction":[{"@type":"SearchAction","target":{"@type":"EntryPoint","urlTemplate":"https:\/\/clinicadeladultomayor.com\/?s={search_term_string}"},"query-input":{"@type":"PropertyValueSpecification","valueRequired":true,"valueName":"search_term_string"}}],"inLanguage":"en-US"},{"@type":"Organization","@id":"https:\/\/clinicadeladultomayor.com\/#organization","name":"Cl\u00ednica del adulto mayor","url":"https:\/\/clinicadeladultomayor.com\/","logo":{"@type":"ImageObject","inLanguage":"en-US","@id":"https:\/\/clinicadeladultomayor.com\/#\/schema\/logo\/image\/","url":"https:\/\/clinicadeladultomayor.com\/wp-content\/uploads\/2022\/05\/LOGO-CLINICA-DEL-ADULTO-MAYOR-LETRAS-TURQUESAS.png","contentUrl":"https:\/\/clinicadeladultomayor.com\/wp-content\/uploads\/2022\/05\/LOGO-CLINICA-DEL-ADULTO-MAYOR-LETRAS-TURQUESAS.png","width":1200,"height":1200,"caption":"Cl\u00ednica del adulto mayor"},"image":{"@id":"https:\/\/clinicadeladultomayor.com\/#\/schema\/logo\/image\/"}},{"@type":"Person","@id":"https:\/\/clinicadeladultomayor.com\/#\/schema\/person\/057f90718f1cd70a500f80ef1b128857","name":"Yolanda Estrada","image":{"@type":"ImageObject","inLanguage":"en-US","@id":"https:\/\/secure.gravatar.com\/avatar\/5dcd0d480ae645caa5bcc658b29547a11f88dc9b78be4586b5d57fc1a949d94f?s=96&d=mm&r=g","url":"https:\/\/secure.gravatar.com\/avatar\/5dcd0d480ae645caa5bcc658b29547a11f88dc9b78be4586b5d57fc1a949d94f?s=96&d=mm&r=g","contentUrl":"https:\/\/secure.gravatar.com\/avatar\/5dcd0d480ae645caa5bcc658b29547a11f88dc9b78be4586b5d57fc1a949d94f?s=96&d=mm&r=g","caption":"Yolanda Estrada"},"url":"https:\/\/clinicadeladultomayor.com\/en\/author\/yolanda-estrada\/"}]}},"_links":{"self":[{"href":"https:\/\/clinicadeladultomayor.com\/en\/wp-json\/wp\/v2\/posts\/666","targetHints":{"allow":["GET"]}}],"collection":[{"href":"https:\/\/clinicadeladultomayor.com\/en\/wp-json\/wp\/v2\/posts"}],"about":[{"href":"https:\/\/clinicadeladultomayor.com\/en\/wp-json\/wp\/v2\/types\/post"}],"author":[{"embeddable":true,"href":"https:\/\/clinicadeladultomayor.com\/en\/wp-json\/wp\/v2\/users\/2"}],"replies":[{"embeddable":true,"href":"https:\/\/clinicadeladultomayor.com\/en\/wp-json\/wp\/v2\/comments?post=666"}],"version-history":[{"count":1,"href":"https:\/\/clinicadeladultomayor.com\/en\/wp-json\/wp\/v2\/posts\/666\/revisions"}],"predecessor-version":[{"id":668,"href":"https:\/\/clinicadeladultomayor.com\/en\/wp-json\/wp\/v2\/posts\/666\/revisions\/668"}],"wp:featuredmedia":[{"embeddable":true,"href":"https:\/\/clinicadeladultomayor.com\/en\/wp-json\/wp\/v2\/media\/667"}],"wp:attachment":[{"href":"https:\/\/clinicadeladultomayor.com\/en\/wp-json\/wp\/v2\/media?parent=666"}],"wp:term":[{"taxonomy":"category","embeddable":true,"href":"https:\/\/clinicadeladultomayor.com\/en\/wp-json\/wp\/v2\/categories?post=666"},{"taxonomy":"post_tag","embeddable":true,"href":"https:\/\/clinicadeladultomayor.com\/en\/wp-json\/wp\/v2\/tags?post=666"}],"curies":[{"name":"wp","href":"https:\/\/api.w.org\/{rel}","templated":true}]}}