{"id":670,"date":"2022-09-21T21:34:51","date_gmt":"2022-09-21T21:34:51","guid":{"rendered":"https:\/\/clinicadeladultomayor.com\/?p=670"},"modified":"2022-09-22T15:35:26","modified_gmt":"2022-09-22T15:35:26","slug":"alzheimer-lo-que-debes-saber","status":"publish","type":"post","link":"https:\/\/clinicadeladultomayor.com\/en\/alzheimer-lo-que-debes-saber\/","title":{"rendered":"Alzheimer: lo que debes saber"},"content":{"rendered":"<p>El alzheimer es un trastorno degenerativo y progresivo del que se desconoce la causa, aunque si se conocen ciertos factores que aumentan la probabilidad de padecer esta enfermedad. Adem\u00e1s de desconocer su causa, es una enfermedad que no tiene cura. Esto es porque en una persona con Alzheimer, las c\u00e9lulas del cerebro gradualmente empiezan a dejar de funcionar, perder su conexi\u00f3n con las dem\u00e1s, y morir. Con el paso del tiempo el cerebro se encoge y la persona no logra recordar, pensar o hacer sus actividades diarias sin ayuda.<\/p>\n\n\n\n<h2 class=\"wp-block-heading\">Factores de riesgo y s\u00edntomas del Alzheimer <\/h2>\n\n\n\n<p>Los factores de riesgo m\u00e1s importantes son:<\/p>\n\n\n\n<p><strong>Edad:<\/strong> a partir de los 65 a\u00f1os comienza a aparecer esta enfermedad; desde entonces, la probabilidad de sufrirla se duplica cada 5 a\u00f1os.<\/p>\n\n\n\n<p><strong>Sexo:<\/strong> hay un mayor porcentaje de mujeres que padecen esta enfermedad respecto a los hombres.<\/p>\n\n\n\n<p><strong>Nivel educativo:<\/strong> los s\u00edntomas aparecen m\u00e1s tarde en personas que han ejercitado m\u00e1s su mente.<\/p>\n\n\n\n<p><strong>Otras enfermedades:<\/strong> las enfermedades cardiovasculares, los traumatismos craneales graves y las intoxicaciones por aluminio aumentan el riesgo de sufrir esta enfermedad.<\/p>\n\n\n\n<h3 class=\"wp-block-heading\">Symptoms <\/h3>\n\n\n\n<ul class=\"wp-block-list\"><li>Reducci\u00f3n de la memoria reciente (por ejemplo: olvid\u00f3 de nombres)<\/li><li>Deterioro m\u00faltiple, progresivo y parejo de las siguientes habilidades: lenguaje (perdida de vocabulario, y de la capacidad de hablar y comprender); movilidad (dificultad para vestirse, afeitarse, etc.); Reconocimiento (dificultad para reconocer personas u objetos); juicio (alteraci\u00f3n de la capacidad de orientaci\u00f3n).<\/li><li>Aparici\u00f3n de s\u00edntomas psiqui\u00e1tricos y alteraciones del comportamiento (delirios, alucinaciones, ansiedad, etc.) As\u00ed como alteraciones del sue\u00f1o (insomnio, sue\u00f1o fragmentado, etc.)<\/li><li>Dificultad para estar quieto<\/li><li>Alteraciones al caminar y en la postura, convulsiones, etc.<\/li><\/ul>\n\n\n\n<h2 class=\"wp-block-heading\">Recomendaciones para la familia o cuidador<\/h2>\n\n\n\n<p>Si nuestro familiar sufre de Alzheimer, debemos ser conscientes de los cambios que supone esta enfermedad para su vida, debemos antes que nada ayudar a reforzar su autoestima as\u00ed como los lazos que todav\u00eda lo unen con el mundo que lo rodea.<\/p>\n\n\n\n<p>Estas son algunas recomendaciones que puedes seguir:<\/p>\n\n\n\n<ul class=\"wp-block-list\"><li>No intentar cambiar su estilo de vida, simplemente hacerlo m\u00e1s simple.<\/li><li>Adaptar el entorno a sus nuevas necesidades: eliminar ruidos in\u00fatiles, no sobrecargar las habitaciones con muebles y decoraciones, asegurarnos de que haya buena iluminaci\u00f3n, evitar que haya demasiada gente en un mismo ambiente, etc. Los cambios pueden hacerse de forma gradual para que no se convierta en un lugar ajeno para nuestro familiar.<\/li><li>Se\u00f1alizar la casa para que la persona pueda localizar f\u00e1cilmente cada habitaci\u00f3n.<\/li><li>Ser pacientes con las cosas que no pueden hacer e intentar que hagan la mayor cantidad de cosas posible por s\u00ed mismos.<\/li><li>Seguir rutinas y actividades diarias, manteniendo siempre el orden y los horarios.<\/li><li>Ser ordenados y nunca cambiar de lugar las cosas que la persona usa frecuentemente.<\/li><li>Vigilar que los anteojos aud\u00edfonos dentadura etc\u00e9tera, est\u00e9n bien colocados dado que las deficiencias sensoriales pueden hacer a\u00fan m\u00e1s dif\u00edcil conectarse con su entorno.<\/li><li>Llevarlo al <strong>m\u00e9dico geriatra<\/strong> con frecuencia para controlar su medicaci\u00f3n y Estado de su enfermedad.<\/li><\/ul>\n\n\n\n<p>Si tu familiar muestra alguno de los \u00edntimas del Alzheimer lo m\u00e1s recomendable es que lo lleves al <strong>m\u00e9dico geriatra<\/strong> para que eval\u00fae su estado cognitivo y mental. En nuestra cl\u00ednica del adulto mayor, nuestra m\u00e9dico cabecera, Dra. Evelyn Henr\u00edquez, es geriatra y geront\u00f3loga. Recuerda que como cl\u00ednica del adulto mayor somos especialistas en la atenci\u00f3n m\u00e9dica al adulto mayor. Para mayor informaci\u00f3n de nuestros servicios para tus seres queridos, cont\u00e1ctanos por medio de nuestras redes sociales (<a href=\"https:\/\/www.facebook.com\/geriatraSV\">(Facebook,<\/a>,\u00a0<a href=\"https:\/\/www.instagram.com\/geriatra.sv\/\">Instagram<\/a>\u00a0and\u00a0<a href=\"https:\/\/wa.me\/message\/XBV7L4YD3EX2H1\">WhatsApp)<\/a>and email. Or make your appointment\u00a0<a href=\"https:\/\/clinicadeladultomayor.com\/index.php\/agendar-cita\/\" target=\"_blank\" rel=\"noreferrer noopener\">here<\/a>Senior Citizen \nClinic, accompanying you towards an active and healthy old age. <\/p>","protected":false},"excerpt":{"rendered":"<p>El alzheimer es un trastorno degenerativo y progresivo del que se desconoce la causa, aunque si se conocen ciertos factores que aumentan la probabilidad de padecer esta enfermedad. Adem\u00e1s de desconocer su causa, es una enfermedad que no tiene cura. Esto es porque en una persona con Alzheimer, las c\u00e9lulas del cerebro gradualmente empiezan a [&hellip;]<\/p>\n","protected":false},"author":2,"featured_media":671,"comment_status":"open","ping_status":"open","sticky":false,"template":"","format":"standard","meta":{"pagelayer_contact_templates":[],"_pagelayer_content":"","footnotes":""},"categories":[6],"tags":[19,56,34,47,9,24,48,66,53,29,54,63,7,33,17,28,99,23,18,78,95,60,61,62,77,88,42,43,22,51,59,40,21,58,83,11,101,13,79,69,44,52,90],"class_list":["post-670","post","type-post","status-publish","format-standard","has-post-thumbnail","hentry","category-cuidado-del-adulto-mayor","tag-adulto-mayor","tag-adultos-mayores-el-salvador","tag-asistencia-geriatrica-el-salvador","tag-atencion-medica-para-adultos-mayores-san-salvador","tag-ayuda","tag-clinica-del-adulto-mayor","tag-clinica-del-adulto-mayor-el-salvador","tag-consulta-domiciliar-el-salvador","tag-consulta-domiciliaria-en-san-salvador","tag-consulta-medica-en-el-salvador","tag-consulta-medica-geriatrica-en-san-salvador","tag-consultas-domiciliares-en-el-salvador","tag-cuidado-del-adulto-mayor","tag-cuidado-del-adulto-mayor-el-salvador","tag-cuidador-profesional","tag-dependencia","tag-diagnostico-de-enfermedades-en-el-salvador","tag-el-salvador","tag-enfermedad-cronica","tag-enfermedades-mentales","tag-envejecimiento-activo-y-saludable","tag-especialista-en-adultos-mayores","tag-especialista-en-geriatria-el-salvador","tag-especialista-en-gerontologia-el-salvador","tag-evaluacion-psicologica","tag-evaluacion-psicologica-en-el-salvador","tag-geriatra-el-salvador","tag-geriatra-en-san-salvador","tag-geriatria","tag-geriatria-en-el-salvador","tag-gerontologia-san-salvador","tag-gerontologo-el-salvador","tag-medico-geriatra","tag-paciente-geriatrico","tag-persona-mayor","tag-recomendacion","tag-recomendaciones-para-el-adulto-mayor","tag-salud","tag-sindromes-geriatricos","tag-sintomas","tag-tratamiento-de-enfermedades-cronicas-el-salvador","tag-tratamiento-de-enfermedades-san-salvador","tag-tratamiento-de-la-ansiedad-y-el-estres-el-salvador"],"yoast_head":"<!-- This site is optimized with the Yoast SEO plugin v27.4 - https:\/\/yoast.com\/product\/yoast-seo-wordpress\/ -->\n<title>Alzheimer: lo que debes saber | Cl\u00ednica del adulto mayor<\/title>\n<meta name=\"description\" content=\"El Alzheimer es una enfermedad cr\u00f3nica que no tiene cura, ent\u00e9rate aqu\u00ed de todo lo que necesitas conocer sobre ella\" \/>\n<meta name=\"robots\" content=\"index, follow, max-snippet:-1, max-image-preview:large, max-video-preview:-1\" \/>\n<link rel=\"canonical\" href=\"https:\/\/clinicadeladultomayor.com\/en\/alzheimer-lo-que-debes-saber\/\" \/>\n<meta property=\"og:locale\" content=\"en_US\" \/>\n<meta property=\"og:type\" content=\"article\" \/>\n<meta property=\"og:title\" content=\"Alzheimer: lo que debes saber | Cl\u00ednica del adulto mayor\" \/>\n<meta property=\"og:description\" content=\"El Alzheimer es una enfermedad cr\u00f3nica que no tiene cura, ent\u00e9rate aqu\u00ed de todo lo que necesitas conocer sobre ella\" \/>\n<meta property=\"og:url\" content=\"https:\/\/clinicadeladultomayor.com\/en\/alzheimer-lo-que-debes-saber\/\" \/>\n<meta property=\"og:site_name\" content=\"Cl\u00ednica del adulto mayor\" \/>\n<meta property=\"article:published_time\" content=\"2022-09-21T21:34:51+00:00\" \/>\n<meta property=\"article:modified_time\" content=\"2022-09-22T15:35:26+00:00\" \/>\n<meta property=\"og:image\" content=\"https:\/\/clinicadeladultomayor.com\/wp-content\/uploads\/2022\/09\/png_20220921_154133_0000.png\" \/>\n\t<meta property=\"og:image:width\" content=\"1280\" \/>\n\t<meta property=\"og:image:height\" content=\"720\" \/>\n\t<meta property=\"og:image:type\" content=\"image\/png\" \/>\n<meta name=\"author\" content=\"Yolanda Estrada\" \/>\n<meta name=\"twitter:card\" content=\"summary_large_image\" \/>\n<meta name=\"twitter:label1\" content=\"Written by\" \/>\n\t<meta name=\"twitter:data1\" content=\"Yolanda Estrada\" \/>\n\t<meta name=\"twitter:label2\" content=\"Est. reading time\" \/>\n\t<meta name=\"twitter:data2\" content=\"3 minutes\" \/>\n<script type=\"application\/ld+json\" class=\"yoast-schema-graph\">{\"@context\":\"https:\\\/\\\/schema.org\",\"@graph\":[{\"@type\":\"Article\",\"@id\":\"https:\\\/\\\/clinicadeladultomayor.com\\\/alzheimer-lo-que-debes-saber\\\/#article\",\"isPartOf\":{\"@id\":\"https:\\\/\\\/clinicadeladultomayor.com\\\/alzheimer-lo-que-debes-saber\\\/\"},\"author\":{\"name\":\"Yolanda Estrada\",\"@id\":\"https:\\\/\\\/clinicadeladultomayor.com\\\/#\\\/schema\\\/person\\\/057f90718f1cd70a500f80ef1b128857\"},\"headline\":\"Alzheimer: lo que debes saber\",\"datePublished\":\"2022-09-21T21:34:51+00:00\",\"dateModified\":\"2022-09-22T15:35:26+00:00\",\"mainEntityOfPage\":{\"@id\":\"https:\\\/\\\/clinicadeladultomayor.com\\\/alzheimer-lo-que-debes-saber\\\/\"},\"wordCount\":635,\"commentCount\":0,\"publisher\":{\"@id\":\"https:\\\/\\\/clinicadeladultomayor.com\\\/#organization\"},\"image\":{\"@id\":\"https:\\\/\\\/clinicadeladultomayor.com\\\/alzheimer-lo-que-debes-saber\\\/#primaryimage\"},\"thumbnailUrl\":\"https:\\\/\\\/clinicadeladultomayor.com\\\/wp-content\\\/uploads\\\/2022\\\/09\\\/png_20220921_154133_0000.png\",\"keywords\":[\"Adulto mayor\",\"Adultos mayores El salvador\",\"Asistencia geri\u00e1trica El Salvador\",\"Atenci\u00f3n m\u00e9dica para adultos mayores San Salvador\",\"ayuda\",\"Clinica del adulto mayor\",\"Cl\u00ednica del adulto mayor El Salvador\",\"Consulta domiciliar El Salvador\",\"Consulta domiciliaria en San Salvador\",\"consulta medica en El Salvador\",\"Consulta m\u00e9dica geri\u00e1trica en San Salvador\",\"Consultas domiciliares en El Salvador\",\"cuidado del adulto mayor\",\"cuidado del adulto mayor El salvador\",\"cuidador profesional\",\"dependencia\",\"diagn\u00f3stico de enfermedades en El Salvador\",\"El Salvador\",\"Enfermedad cronica\",\"Enfermedades mentales\",\"Envejecimiento activo y saludable\",\"Especialista en adultos mayores\",\"Especialista en geriatr\u00eda El Salvador\",\"Especialista en gerontolog\u00eda El Salvador\",\"Evaluaci\u00f3n psicologica\",\"Evaluaci\u00f3n psicol\u00f3gica en El Salvador\",\"Geriatra El Salvador\",\"Geriatra en San Salvador\",\"geriatria\",\"Geriatr\u00eda en El Salvador\",\"Gerontolog\u00eda San Salvador\",\"Geront\u00f3logo El Salvador\",\"m\u00e9dico geriatra\",\"Paciente geri\u00e1trico\",\"Persona Mayor\",\"Recomendaci\u00f3n\",\"Recomendaciones para el adulto mayor\",\"Salud\",\"S\u00edndromes geri\u00e1tricos\",\"Sintomas\",\"Tratamiento de enfermedades cr\u00f3nicas El Salvador\",\"Tratamiento de enfermedades San Salvador\",\"Tratamiento de la ansiedad y el estr\u00e9s El Salvador\"],\"articleSection\":[\"Cuidado del adulto mayor\"],\"inLanguage\":\"en-US\",\"potentialAction\":[{\"@type\":\"CommentAction\",\"name\":\"Comment\",\"target\":[\"https:\\\/\\\/clinicadeladultomayor.com\\\/alzheimer-lo-que-debes-saber\\\/#respond\"]}]},{\"@type\":\"WebPage\",\"@id\":\"https:\\\/\\\/clinicadeladultomayor.com\\\/alzheimer-lo-que-debes-saber\\\/\",\"url\":\"https:\\\/\\\/clinicadeladultomayor.com\\\/alzheimer-lo-que-debes-saber\\\/\",\"name\":\"Alzheimer: lo que debes saber | Cl\u00ednica del adulto mayor\",\"isPartOf\":{\"@id\":\"https:\\\/\\\/clinicadeladultomayor.com\\\/#website\"},\"primaryImageOfPage\":{\"@id\":\"https:\\\/\\\/clinicadeladultomayor.com\\\/alzheimer-lo-que-debes-saber\\\/#primaryimage\"},\"image\":{\"@id\":\"https:\\\/\\\/clinicadeladultomayor.com\\\/alzheimer-lo-que-debes-saber\\\/#primaryimage\"},\"thumbnailUrl\":\"https:\\\/\\\/clinicadeladultomayor.com\\\/wp-content\\\/uploads\\\/2022\\\/09\\\/png_20220921_154133_0000.png\",\"datePublished\":\"2022-09-21T21:34:51+00:00\",\"dateModified\":\"2022-09-22T15:35:26+00:00\",\"description\":\"El Alzheimer es una enfermedad cr\u00f3nica que no tiene cura, ent\u00e9rate aqu\u00ed de todo lo que necesitas conocer sobre ella\",\"breadcrumb\":{\"@id\":\"https:\\\/\\\/clinicadeladultomayor.com\\\/alzheimer-lo-que-debes-saber\\\/#breadcrumb\"},\"inLanguage\":\"en-US\",\"potentialAction\":[{\"@type\":\"ReadAction\",\"target\":[\"https:\\\/\\\/clinicadeladultomayor.com\\\/alzheimer-lo-que-debes-saber\\\/\"]}]},{\"@type\":\"ImageObject\",\"inLanguage\":\"en-US\",\"@id\":\"https:\\\/\\\/clinicadeladultomayor.com\\\/alzheimer-lo-que-debes-saber\\\/#primaryimage\",\"url\":\"https:\\\/\\\/clinicadeladultomayor.com\\\/wp-content\\\/uploads\\\/2022\\\/09\\\/png_20220921_154133_0000.png\",\"contentUrl\":\"https:\\\/\\\/clinicadeladultomayor.com\\\/wp-content\\\/uploads\\\/2022\\\/09\\\/png_20220921_154133_0000.png\",\"width\":1280,\"height\":720,\"caption\":\"Alzheimer, olvido, abuelo, adulto mayor, medico geriatra\"},{\"@type\":\"BreadcrumbList\",\"@id\":\"https:\\\/\\\/clinicadeladultomayor.com\\\/alzheimer-lo-que-debes-saber\\\/#breadcrumb\",\"itemListElement\":[{\"@type\":\"ListItem\",\"position\":1,\"name\":\"Portada\",\"item\":\"https:\\\/\\\/clinicadeladultomayor.com\\\/\"},{\"@type\":\"ListItem\",\"position\":2,\"name\":\"Alzheimer: lo que debes saber\"}]},{\"@type\":\"WebSite\",\"@id\":\"https:\\\/\\\/clinicadeladultomayor.com\\\/#website\",\"url\":\"https:\\\/\\\/clinicadeladultomayor.com\\\/\",\"name\":\"Cl\u00ednica del adulto mayor\",\"description\":\"Clinica geriatrica especializada en la atenci\u00f3n del adulto mayor en El Salvador. Acompa\u00f1andote hacia una vejez activa y saludable.\",\"publisher\":{\"@id\":\"https:\\\/\\\/clinicadeladultomayor.com\\\/#organization\"},\"potentialAction\":[{\"@type\":\"SearchAction\",\"target\":{\"@type\":\"EntryPoint\",\"urlTemplate\":\"https:\\\/\\\/clinicadeladultomayor.com\\\/?s={search_term_string}\"},\"query-input\":{\"@type\":\"PropertyValueSpecification\",\"valueRequired\":true,\"valueName\":\"search_term_string\"}}],\"inLanguage\":\"en-US\"},{\"@type\":\"Organization\",\"@id\":\"https:\\\/\\\/clinicadeladultomayor.com\\\/#organization\",\"name\":\"Cl\u00ednica del adulto mayor\",\"url\":\"https:\\\/\\\/clinicadeladultomayor.com\\\/\",\"logo\":{\"@type\":\"ImageObject\",\"inLanguage\":\"en-US\",\"@id\":\"https:\\\/\\\/clinicadeladultomayor.com\\\/#\\\/schema\\\/logo\\\/image\\\/\",\"url\":\"https:\\\/\\\/clinicadeladultomayor.com\\\/wp-content\\\/uploads\\\/2022\\\/05\\\/LOGO-CLINICA-DEL-ADULTO-MAYOR-LETRAS-TURQUESAS.png\",\"contentUrl\":\"https:\\\/\\\/clinicadeladultomayor.com\\\/wp-content\\\/uploads\\\/2022\\\/05\\\/LOGO-CLINICA-DEL-ADULTO-MAYOR-LETRAS-TURQUESAS.png\",\"width\":1200,\"height\":1200,\"caption\":\"Cl\u00ednica del adulto mayor\"},\"image\":{\"@id\":\"https:\\\/\\\/clinicadeladultomayor.com\\\/#\\\/schema\\\/logo\\\/image\\\/\"}},{\"@type\":\"Person\",\"@id\":\"https:\\\/\\\/clinicadeladultomayor.com\\\/#\\\/schema\\\/person\\\/057f90718f1cd70a500f80ef1b128857\",\"name\":\"Yolanda Estrada\",\"image\":{\"@type\":\"ImageObject\",\"inLanguage\":\"en-US\",\"@id\":\"https:\\\/\\\/secure.gravatar.com\\\/avatar\\\/5dcd0d480ae645caa5bcc658b29547a11f88dc9b78be4586b5d57fc1a949d94f?s=96&d=mm&r=g\",\"url\":\"https:\\\/\\\/secure.gravatar.com\\\/avatar\\\/5dcd0d480ae645caa5bcc658b29547a11f88dc9b78be4586b5d57fc1a949d94f?s=96&d=mm&r=g\",\"contentUrl\":\"https:\\\/\\\/secure.gravatar.com\\\/avatar\\\/5dcd0d480ae645caa5bcc658b29547a11f88dc9b78be4586b5d57fc1a949d94f?s=96&d=mm&r=g\",\"caption\":\"Yolanda Estrada\"},\"url\":\"https:\\\/\\\/clinicadeladultomayor.com\\\/en\\\/author\\\/yolanda-estrada\\\/\"}]}<\/script>\n<!-- \/ Yoast SEO plugin. -->","yoast_head_json":{"title":"Alzheimer: lo que debes saber | Cl\u00ednica del adulto mayor","description":"El Alzheimer es una enfermedad cr\u00f3nica que no tiene cura, ent\u00e9rate aqu\u00ed de todo lo que necesitas conocer sobre ella","robots":{"index":"index","follow":"follow","max-snippet":"max-snippet:-1","max-image-preview":"max-image-preview:large","max-video-preview":"max-video-preview:-1"},"canonical":"https:\/\/clinicadeladultomayor.com\/en\/alzheimer-lo-que-debes-saber\/","og_locale":"en_US","og_type":"article","og_title":"Alzheimer: lo que debes saber | Cl\u00ednica del adulto mayor","og_description":"El Alzheimer es una enfermedad cr\u00f3nica que no tiene cura, ent\u00e9rate aqu\u00ed de todo lo que necesitas conocer sobre ella","og_url":"https:\/\/clinicadeladultomayor.com\/en\/alzheimer-lo-que-debes-saber\/","og_site_name":"Cl\u00ednica del adulto mayor","article_published_time":"2022-09-21T21:34:51+00:00","article_modified_time":"2022-09-22T15:35:26+00:00","og_image":[{"width":1280,"height":720,"url":"https:\/\/clinicadeladultomayor.com\/wp-content\/uploads\/2022\/09\/png_20220921_154133_0000.png","type":"image\/png"}],"author":"Yolanda Estrada","twitter_card":"summary_large_image","twitter_misc":{"Written by":"Yolanda Estrada","Est. reading time":"3 minutes"},"schema":{"@context":"https:\/\/schema.org","@graph":[{"@type":"Article","@id":"https:\/\/clinicadeladultomayor.com\/alzheimer-lo-que-debes-saber\/#article","isPartOf":{"@id":"https:\/\/clinicadeladultomayor.com\/alzheimer-lo-que-debes-saber\/"},"author":{"name":"Yolanda Estrada","@id":"https:\/\/clinicadeladultomayor.com\/#\/schema\/person\/057f90718f1cd70a500f80ef1b128857"},"headline":"Alzheimer: lo que debes saber","datePublished":"2022-09-21T21:34:51+00:00","dateModified":"2022-09-22T15:35:26+00:00","mainEntityOfPage":{"@id":"https:\/\/clinicadeladultomayor.com\/alzheimer-lo-que-debes-saber\/"},"wordCount":635,"commentCount":0,"publisher":{"@id":"https:\/\/clinicadeladultomayor.com\/#organization"},"image":{"@id":"https:\/\/clinicadeladultomayor.com\/alzheimer-lo-que-debes-saber\/#primaryimage"},"thumbnailUrl":"https:\/\/clinicadeladultomayor.com\/wp-content\/uploads\/2022\/09\/png_20220921_154133_0000.png","keywords":["Adulto mayor","Adultos mayores El salvador","Asistencia geri\u00e1trica El Salvador","Atenci\u00f3n m\u00e9dica para adultos mayores San Salvador","ayuda","Clinica del adulto mayor","Cl\u00ednica del adulto mayor El Salvador","Consulta domiciliar El Salvador","Consulta domiciliaria en San Salvador","consulta medica en El Salvador","Consulta m\u00e9dica geri\u00e1trica en San Salvador","Consultas domiciliares en El Salvador","cuidado del adulto mayor","cuidado del adulto mayor El salvador","cuidador profesional","dependencia","diagn\u00f3stico de enfermedades en El Salvador","El Salvador","Enfermedad cronica","Enfermedades mentales","Envejecimiento activo y saludable","Especialista en adultos mayores","Especialista en geriatr\u00eda El Salvador","Especialista en gerontolog\u00eda El Salvador","Evaluaci\u00f3n psicologica","Evaluaci\u00f3n psicol\u00f3gica en El Salvador","Geriatra El Salvador","Geriatra en San Salvador","geriatria","Geriatr\u00eda en El Salvador","Gerontolog\u00eda San Salvador","Geront\u00f3logo El Salvador","m\u00e9dico geriatra","Paciente geri\u00e1trico","Persona Mayor","Recomendaci\u00f3n","Recomendaciones para el adulto mayor","Salud","S\u00edndromes geri\u00e1tricos","Sintomas","Tratamiento de enfermedades cr\u00f3nicas El Salvador","Tratamiento de enfermedades San Salvador","Tratamiento de la ansiedad y el estr\u00e9s El Salvador"],"articleSection":["Cuidado del adulto mayor"],"inLanguage":"en-US","potentialAction":[{"@type":"CommentAction","name":"Comment","target":["https:\/\/clinicadeladultomayor.com\/alzheimer-lo-que-debes-saber\/#respond"]}]},{"@type":"WebPage","@id":"https:\/\/clinicadeladultomayor.com\/alzheimer-lo-que-debes-saber\/","url":"https:\/\/clinicadeladultomayor.com\/alzheimer-lo-que-debes-saber\/","name":"Alzheimer: lo que debes saber | Cl\u00ednica del adulto mayor","isPartOf":{"@id":"https:\/\/clinicadeladultomayor.com\/#website"},"primaryImageOfPage":{"@id":"https:\/\/clinicadeladultomayor.com\/alzheimer-lo-que-debes-saber\/#primaryimage"},"image":{"@id":"https:\/\/clinicadeladultomayor.com\/alzheimer-lo-que-debes-saber\/#primaryimage"},"thumbnailUrl":"https:\/\/clinicadeladultomayor.com\/wp-content\/uploads\/2022\/09\/png_20220921_154133_0000.png","datePublished":"2022-09-21T21:34:51+00:00","dateModified":"2022-09-22T15:35:26+00:00","description":"El Alzheimer es una enfermedad cr\u00f3nica que no tiene cura, ent\u00e9rate aqu\u00ed de todo lo que necesitas conocer sobre ella","breadcrumb":{"@id":"https:\/\/clinicadeladultomayor.com\/alzheimer-lo-que-debes-saber\/#breadcrumb"},"inLanguage":"en-US","potentialAction":[{"@type":"ReadAction","target":["https:\/\/clinicadeladultomayor.com\/alzheimer-lo-que-debes-saber\/"]}]},{"@type":"ImageObject","inLanguage":"en-US","@id":"https:\/\/clinicadeladultomayor.com\/alzheimer-lo-que-debes-saber\/#primaryimage","url":"https:\/\/clinicadeladultomayor.com\/wp-content\/uploads\/2022\/09\/png_20220921_154133_0000.png","contentUrl":"https:\/\/clinicadeladultomayor.com\/wp-content\/uploads\/2022\/09\/png_20220921_154133_0000.png","width":1280,"height":720,"caption":"Alzheimer, olvido, abuelo, adulto mayor, medico geriatra"},{"@type":"BreadcrumbList","@id":"https:\/\/clinicadeladultomayor.com\/alzheimer-lo-que-debes-saber\/#breadcrumb","itemListElement":[{"@type":"ListItem","position":1,"name":"Portada","item":"https:\/\/clinicadeladultomayor.com\/"},{"@type":"ListItem","position":2,"name":"Alzheimer: lo que debes saber"}]},{"@type":"WebSite","@id":"https:\/\/clinicadeladultomayor.com\/#website","url":"https:\/\/clinicadeladultomayor.com\/","name":"Cl\u00ednica del adulto mayor","description":"Clinica geriatrica especializada en la atenci\u00f3n del adulto mayor en El Salvador. Acompa\u00f1andote hacia una vejez activa y saludable.","publisher":{"@id":"https:\/\/clinicadeladultomayor.com\/#organization"},"potentialAction":[{"@type":"SearchAction","target":{"@type":"EntryPoint","urlTemplate":"https:\/\/clinicadeladultomayor.com\/?s={search_term_string}"},"query-input":{"@type":"PropertyValueSpecification","valueRequired":true,"valueName":"search_term_string"}}],"inLanguage":"en-US"},{"@type":"Organization","@id":"https:\/\/clinicadeladultomayor.com\/#organization","name":"Cl\u00ednica del adulto mayor","url":"https:\/\/clinicadeladultomayor.com\/","logo":{"@type":"ImageObject","inLanguage":"en-US","@id":"https:\/\/clinicadeladultomayor.com\/#\/schema\/logo\/image\/","url":"https:\/\/clinicadeladultomayor.com\/wp-content\/uploads\/2022\/05\/LOGO-CLINICA-DEL-ADULTO-MAYOR-LETRAS-TURQUESAS.png","contentUrl":"https:\/\/clinicadeladultomayor.com\/wp-content\/uploads\/2022\/05\/LOGO-CLINICA-DEL-ADULTO-MAYOR-LETRAS-TURQUESAS.png","width":1200,"height":1200,"caption":"Cl\u00ednica del adulto mayor"},"image":{"@id":"https:\/\/clinicadeladultomayor.com\/#\/schema\/logo\/image\/"}},{"@type":"Person","@id":"https:\/\/clinicadeladultomayor.com\/#\/schema\/person\/057f90718f1cd70a500f80ef1b128857","name":"Yolanda Estrada","image":{"@type":"ImageObject","inLanguage":"en-US","@id":"https:\/\/secure.gravatar.com\/avatar\/5dcd0d480ae645caa5bcc658b29547a11f88dc9b78be4586b5d57fc1a949d94f?s=96&d=mm&r=g","url":"https:\/\/secure.gravatar.com\/avatar\/5dcd0d480ae645caa5bcc658b29547a11f88dc9b78be4586b5d57fc1a949d94f?s=96&d=mm&r=g","contentUrl":"https:\/\/secure.gravatar.com\/avatar\/5dcd0d480ae645caa5bcc658b29547a11f88dc9b78be4586b5d57fc1a949d94f?s=96&d=mm&r=g","caption":"Yolanda Estrada"},"url":"https:\/\/clinicadeladultomayor.com\/en\/author\/yolanda-estrada\/"}]}},"_links":{"self":[{"href":"https:\/\/clinicadeladultomayor.com\/en\/wp-json\/wp\/v2\/posts\/670","targetHints":{"allow":["GET"]}}],"collection":[{"href":"https:\/\/clinicadeladultomayor.com\/en\/wp-json\/wp\/v2\/posts"}],"about":[{"href":"https:\/\/clinicadeladultomayor.com\/en\/wp-json\/wp\/v2\/types\/post"}],"author":[{"embeddable":true,"href":"https:\/\/clinicadeladultomayor.com\/en\/wp-json\/wp\/v2\/users\/2"}],"replies":[{"embeddable":true,"href":"https:\/\/clinicadeladultomayor.com\/en\/wp-json\/wp\/v2\/comments?post=670"}],"version-history":[{"count":3,"href":"https:\/\/clinicadeladultomayor.com\/en\/wp-json\/wp\/v2\/posts\/670\/revisions"}],"predecessor-version":[{"id":677,"href":"https:\/\/clinicadeladultomayor.com\/en\/wp-json\/wp\/v2\/posts\/670\/revisions\/677"}],"wp:featuredmedia":[{"embeddable":true,"href":"https:\/\/clinicadeladultomayor.com\/en\/wp-json\/wp\/v2\/media\/671"}],"wp:attachment":[{"href":"https:\/\/clinicadeladultomayor.com\/en\/wp-json\/wp\/v2\/media?parent=670"}],"wp:term":[{"taxonomy":"category","embeddable":true,"href":"https:\/\/clinicadeladultomayor.com\/en\/wp-json\/wp\/v2\/categories?post=670"},{"taxonomy":"post_tag","embeddable":true,"href":"https:\/\/clinicadeladultomayor.com\/en\/wp-json\/wp\/v2\/tags?post=670"}],"curies":[{"name":"wp","href":"https:\/\/api.w.org\/{rel}","templated":true}]}}